{"id":735,"date":"2022-01-16T23:10:43","date_gmt":"2022-01-16T22:10:43","guid":{"rendered":"http:\/\/blog.architekteninduesseldorf.de\/?p=735"},"modified":"2022-01-16T23:12:04","modified_gmt":"2022-01-16T22:12:04","slug":"haus-in-bergisch-gladbach-fertiggestellt","status":"publish","type":"post","link":"https:\/\/blog.architekteninduesseldorf.de\/?p=735","title":{"rendered":"Haus in Bergisch Gladbach fertiggestellt"},"content":{"rendered":"\n<figure class=\"wp-block-image size-large is-resized is-style-default\"><a href=\"https:\/\/blog.architekteninduesseldorf.de\/wp-content\/uploads\/2022\/01\/inCollage_20220116_225210204.jpg\"><img loading=\"lazy\" decoding=\"async\" src=\"https:\/\/blog.architekteninduesseldorf.de\/wp-content\/uploads\/2022\/01\/inCollage_20220116_225210204-1024x1024.jpg\" alt=\"\" class=\"wp-image-734\" width=\"402\" height=\"402\" srcset=\"https:\/\/blog.architekteninduesseldorf.de\/wp-content\/uploads\/2022\/01\/inCollage_20220116_225210204-1024x1024.jpg 1024w, https:\/\/blog.architekteninduesseldorf.de\/wp-content\/uploads\/2022\/01\/inCollage_20220116_225210204-300x300.jpg 300w, https:\/\/blog.architekteninduesseldorf.de\/wp-content\/uploads\/2022\/01\/inCollage_20220116_225210204-150x150.jpg 150w, https:\/\/blog.architekteninduesseldorf.de\/wp-content\/uploads\/2022\/01\/inCollage_20220116_225210204-768x768.jpg 768w, https:\/\/blog.architekteninduesseldorf.de\/wp-content\/uploads\/2022\/01\/inCollage_20220116_225210204-1536x1536.jpg 1536w, https:\/\/blog.architekteninduesseldorf.de\/wp-content\/uploads\/2022\/01\/inCollage_20220116_225210204.jpg 1920w\" sizes=\"auto, (max-width: 402px) 100vw, 402px\" \/><\/a><\/figure>\n\n\n\n<p class=\"wp-block-paragraph\">Nach nunmehr 11 Monaten Bauzeit wurde dieses gro\u00dfz\u00fcgige Einfamilienhaus fertiggestellt. Nach dem R\u00fcckbau bis auf den Rohbau wurde ein neues Dach aufgesetzt, die gesamte Haustechnik und der vollst\u00e4ndige Innenausbau erneuert und die Aussenanlagen neu gestaltet. <\/p>\n","protected":false},"excerpt":{"rendered":"<p>Nach nunmehr 11 Monaten Bauzeit wurde dieses gro\u00dfz\u00fcgige Einfamilienhaus fertiggestellt. Nach dem R\u00fcckbau bis auf den Rohbau wurde ein neues Dach aufgesetzt, die gesamte Haustechnik und der vollst\u00e4ndige Innenausbau erneuert und die Aussenanlagen neu gestaltet.<\/p>\n","protected":false},"author":1,"featured_media":0,"comment_status":"closed","ping_status":"open","sticky":false,"template":"","format":"standard","meta":{"footnotes":""},"categories":[1],"tags":[86,103,81,6,5,24],"class_list":["post-735","post","type-post","status-publish","format-standard","hentry","category-uncategorized","tag-altbausanierung","tag-bensberg","tag-bergisch-gladbach","tag-einfamilienhaus","tag-einfamilienhaus-sanierung","tag-energetische-sanierung"],"yoast_head":"<!-- This site is optimized with the Yoast SEO plugin v28.4 - https:\/\/yoast.com\/product\/yoast-seo-wordpress\/ -->\n<title>Haus in Bergisch Gladbach fertiggestellt - NEWSBLOG<\/title>\n<meta name=\"robots\" content=\"index, follow, max-snippet:-1, max-image-preview:large, max-video-preview:-1\" \/>\n<link rel=\"canonical\" href=\"https:\/\/blog.architekteninduesseldorf.de\/?p=735\" \/>\n<meta property=\"og:locale\" content=\"de_DE\" \/>\n<meta property=\"og:type\" content=\"article\" \/>\n<meta property=\"og:title\" content=\"Haus in Bergisch Gladbach fertiggestellt - NEWSBLOG\" \/>\n<meta property=\"og:description\" content=\"Nach nunmehr 11 Monaten Bauzeit wurde dieses gro\u00dfz\u00fcgige Einfamilienhaus fertiggestellt. Nach dem R\u00fcckbau bis auf den Rohbau wurde ein neues Dach aufgesetzt, die gesamte Haustechnik und der vollst\u00e4ndige Innenausbau erneuert und die Aussenanlagen neu gestaltet.\" \/>\n<meta property=\"og:url\" content=\"https:\/\/blog.architekteninduesseldorf.de\/?p=735\" \/>\n<meta property=\"og:site_name\" content=\"NEWSBLOG\" \/>\n<meta property=\"article:published_time\" content=\"2022-01-16T22:10:43+00:00\" \/>\n<meta property=\"article:modified_time\" content=\"2022-01-16T22:12:04+00:00\" \/>\n<meta property=\"og:image\" content=\"http:\/\/blog.architekteninduesseldorf.de\/wp-content\/uploads\/2022\/01\/inCollage_20220116_225210204-1024x1024.jpg\" \/>\n<meta name=\"author\" content=\"Rehberg + Milesevic Architekten\" \/>\n<meta name=\"twitter:card\" content=\"summary_large_image\" \/>\n<meta name=\"twitter:label1\" content=\"Verfasst von\" \/>\n\t<meta name=\"twitter:data1\" content=\"Rehberg + Milesevic Architekten\" \/>\n\t<meta name=\"twitter:label2\" content=\"Gesch\u00e4tzte Lesezeit\" \/>\n\t<meta name=\"twitter:data2\" content=\"1\u00a0Minute\" \/>\n<script type=\"application\/ld+json\" class=\"yoast-schema-graph\">{\"@context\":\"https:\\\/\\\/schema.org\",\"@graph\":[{\"@type\":\"Article\",\"@id\":\"https:\\\/\\\/blog.architekteninduesseldorf.de\\\/?p=735#article\",\"isPartOf\":{\"@id\":\"https:\\\/\\\/blog.architekteninduesseldorf.de\\\/?p=735\"},\"author\":{\"name\":\"Rehberg + Milesevic Architekten\",\"@id\":\"https:\\\/\\\/blog.architekteninduesseldorf.de\\\/#\\\/schema\\\/person\\\/d8ead14ad7429b3a0d1350f8029be56a\"},\"headline\":\"Haus in Bergisch Gladbach fertiggestellt\",\"datePublished\":\"2022-01-16T22:10:43+00:00\",\"dateModified\":\"2022-01-16T22:12:04+00:00\",\"mainEntityOfPage\":{\"@id\":\"https:\\\/\\\/blog.architekteninduesseldorf.de\\\/?p=735\"},\"wordCount\":43,\"publisher\":{\"@id\":\"https:\\\/\\\/blog.architekteninduesseldorf.de\\\/#organization\"},\"image\":{\"@id\":\"https:\\\/\\\/blog.architekteninduesseldorf.de\\\/?p=735#primaryimage\"},\"thumbnailUrl\":\"http:\\\/\\\/blog.architekteninduesseldorf.de\\\/wp-content\\\/uploads\\\/2022\\\/01\\\/inCollage_20220116_225210204-1024x1024.jpg\",\"keywords\":[\"Altbausanierung\",\"Bensberg\",\"Bergisch Gladbach\",\"Einfamilienhaus\",\"Einfamilienhaus; Sanierung\",\"Energetische Sanierung\"],\"articleSection\":[\"Uncategorized\"],\"inLanguage\":\"de\"},{\"@type\":\"WebPage\",\"@id\":\"https:\\\/\\\/blog.architekteninduesseldorf.de\\\/?p=735\",\"url\":\"https:\\\/\\\/blog.architekteninduesseldorf.de\\\/?p=735\",\"name\":\"Haus in Bergisch Gladbach fertiggestellt - NEWSBLOG\",\"isPartOf\":{\"@id\":\"https:\\\/\\\/blog.architekteninduesseldorf.de\\\/#website\"},\"primaryImageOfPage\":{\"@id\":\"https:\\\/\\\/blog.architekteninduesseldorf.de\\\/?p=735#primaryimage\"},\"image\":{\"@id\":\"https:\\\/\\\/blog.architekteninduesseldorf.de\\\/?p=735#primaryimage\"},\"thumbnailUrl\":\"http:\\\/\\\/blog.architekteninduesseldorf.de\\\/wp-content\\\/uploads\\\/2022\\\/01\\\/inCollage_20220116_225210204-1024x1024.jpg\",\"datePublished\":\"2022-01-16T22:10:43+00:00\",\"dateModified\":\"2022-01-16T22:12:04+00:00\",\"breadcrumb\":{\"@id\":\"https:\\\/\\\/blog.architekteninduesseldorf.de\\\/?p=735#breadcrumb\"},\"inLanguage\":\"de\",\"potentialAction\":[{\"@type\":\"ReadAction\",\"target\":[\"https:\\\/\\\/blog.architekteninduesseldorf.de\\\/?p=735\"]}]},{\"@type\":\"ImageObject\",\"inLanguage\":\"de\",\"@id\":\"https:\\\/\\\/blog.architekteninduesseldorf.de\\\/?p=735#primaryimage\",\"url\":\"https:\\\/\\\/blog.architekteninduesseldorf.de\\\/wp-content\\\/uploads\\\/2022\\\/01\\\/inCollage_20220116_225210204.jpg\",\"contentUrl\":\"https:\\\/\\\/blog.architekteninduesseldorf.de\\\/wp-content\\\/uploads\\\/2022\\\/01\\\/inCollage_20220116_225210204.jpg\",\"width\":1920,\"height\":1920},{\"@type\":\"BreadcrumbList\",\"@id\":\"https:\\\/\\\/blog.architekteninduesseldorf.de\\\/?p=735#breadcrumb\",\"itemListElement\":[{\"@type\":\"ListItem\",\"position\":1,\"name\":\"Startseite\",\"item\":\"https:\\\/\\\/blog.architekteninduesseldorf.de\\\/\"},{\"@type\":\"ListItem\",\"position\":2,\"name\":\"Haus in Bergisch Gladbach fertiggestellt\"}]},{\"@type\":\"WebSite\",\"@id\":\"https:\\\/\\\/blog.architekteninduesseldorf.de\\\/#website\",\"url\":\"https:\\\/\\\/blog.architekteninduesseldorf.de\\\/\",\"name\":\"NEWSBLOG\",\"description\":\"Architekturb\u00fcro Rehberg + Milesevic\",\"publisher\":{\"@id\":\"https:\\\/\\\/blog.architekteninduesseldorf.de\\\/#organization\"},\"potentialAction\":[{\"@type\":\"SearchAction\",\"target\":{\"@type\":\"EntryPoint\",\"urlTemplate\":\"https:\\\/\\\/blog.architekteninduesseldorf.de\\\/?s={search_term_string}\"},\"query-input\":{\"@type\":\"PropertyValueSpecification\",\"valueRequired\":true,\"valueName\":\"search_term_string\"}}],\"inLanguage\":\"de\"},{\"@type\":\"Organization\",\"@id\":\"https:\\\/\\\/blog.architekteninduesseldorf.de\\\/#organization\",\"name\":\"Rehberg + Milesevic Architekten\",\"url\":\"https:\\\/\\\/blog.architekteninduesseldorf.de\\\/\",\"logo\":{\"@type\":\"ImageObject\",\"inLanguage\":\"de\",\"@id\":\"https:\\\/\\\/blog.architekteninduesseldorf.de\\\/#\\\/schema\\\/logo\\\/image\\\/\",\"url\":\"http:\\\/\\\/blog.architekteninduesseldorf.de\\\/wp-content\\\/uploads\\\/2019\\\/01\\\/180907-Bild3.jpg\",\"contentUrl\":\"http:\\\/\\\/blog.architekteninduesseldorf.de\\\/wp-content\\\/uploads\\\/2019\\\/01\\\/180907-Bild3.jpg\",\"width\":1024,\"height\":768,\"caption\":\"Rehberg + Milesevic Architekten\"},\"image\":{\"@id\":\"https:\\\/\\\/blog.architekteninduesseldorf.de\\\/#\\\/schema\\\/logo\\\/image\\\/\"}},{\"@type\":\"Person\",\"@id\":\"https:\\\/\\\/blog.architekteninduesseldorf.de\\\/#\\\/schema\\\/person\\\/d8ead14ad7429b3a0d1350f8029be56a\",\"name\":\"Rehberg + Milesevic Architekten\"}]}<\/script>\n<!-- \/ Yoast SEO plugin. -->","yoast_head_json":{"title":"Haus in Bergisch Gladbach fertiggestellt - NEWSBLOG","robots":{"index":"index","follow":"follow","max-snippet":"max-snippet:-1","max-image-preview":"max-image-preview:large","max-video-preview":"max-video-preview:-1"},"canonical":"https:\/\/blog.architekteninduesseldorf.de\/?p=735","og_locale":"de_DE","og_type":"article","og_title":"Haus in Bergisch Gladbach fertiggestellt - NEWSBLOG","og_description":"Nach nunmehr 11 Monaten Bauzeit wurde dieses gro\u00dfz\u00fcgige Einfamilienhaus fertiggestellt. Nach dem R\u00fcckbau bis auf den Rohbau wurde ein neues Dach aufgesetzt, die gesamte Haustechnik und der vollst\u00e4ndige Innenausbau erneuert und die Aussenanlagen neu gestaltet.","og_url":"https:\/\/blog.architekteninduesseldorf.de\/?p=735","og_site_name":"NEWSBLOG","article_published_time":"2022-01-16T22:10:43+00:00","article_modified_time":"2022-01-16T22:12:04+00:00","og_image":[{"url":"http:\/\/blog.architekteninduesseldorf.de\/wp-content\/uploads\/2022\/01\/inCollage_20220116_225210204-1024x1024.jpg","type":"","width":"","height":""}],"author":"Rehberg + Milesevic Architekten","twitter_card":"summary_large_image","twitter_misc":{"Verfasst von":"Rehberg + Milesevic Architekten","Gesch\u00e4tzte Lesezeit":"1\u00a0Minute"},"schema":{"@context":"https:\/\/schema.org","@graph":[{"@type":"Article","@id":"https:\/\/blog.architekteninduesseldorf.de\/?p=735#article","isPartOf":{"@id":"https:\/\/blog.architekteninduesseldorf.de\/?p=735"},"author":{"name":"Rehberg + Milesevic Architekten","@id":"https:\/\/blog.architekteninduesseldorf.de\/#\/schema\/person\/d8ead14ad7429b3a0d1350f8029be56a"},"headline":"Haus in Bergisch Gladbach fertiggestellt","datePublished":"2022-01-16T22:10:43+00:00","dateModified":"2022-01-16T22:12:04+00:00","mainEntityOfPage":{"@id":"https:\/\/blog.architekteninduesseldorf.de\/?p=735"},"wordCount":43,"publisher":{"@id":"https:\/\/blog.architekteninduesseldorf.de\/#organization"},"image":{"@id":"https:\/\/blog.architekteninduesseldorf.de\/?p=735#primaryimage"},"thumbnailUrl":"http:\/\/blog.architekteninduesseldorf.de\/wp-content\/uploads\/2022\/01\/inCollage_20220116_225210204-1024x1024.jpg","keywords":["Altbausanierung","Bensberg","Bergisch Gladbach","Einfamilienhaus","Einfamilienhaus; Sanierung","Energetische Sanierung"],"articleSection":["Uncategorized"],"inLanguage":"de"},{"@type":"WebPage","@id":"https:\/\/blog.architekteninduesseldorf.de\/?p=735","url":"https:\/\/blog.architekteninduesseldorf.de\/?p=735","name":"Haus in Bergisch Gladbach fertiggestellt - NEWSBLOG","isPartOf":{"@id":"https:\/\/blog.architekteninduesseldorf.de\/#website"},"primaryImageOfPage":{"@id":"https:\/\/blog.architekteninduesseldorf.de\/?p=735#primaryimage"},"image":{"@id":"https:\/\/blog.architekteninduesseldorf.de\/?p=735#primaryimage"},"thumbnailUrl":"http:\/\/blog.architekteninduesseldorf.de\/wp-content\/uploads\/2022\/01\/inCollage_20220116_225210204-1024x1024.jpg","datePublished":"2022-01-16T22:10:43+00:00","dateModified":"2022-01-16T22:12:04+00:00","breadcrumb":{"@id":"https:\/\/blog.architekteninduesseldorf.de\/?p=735#breadcrumb"},"inLanguage":"de","potentialAction":[{"@type":"ReadAction","target":["https:\/\/blog.architekteninduesseldorf.de\/?p=735"]}]},{"@type":"ImageObject","inLanguage":"de","@id":"https:\/\/blog.architekteninduesseldorf.de\/?p=735#primaryimage","url":"https:\/\/blog.architekteninduesseldorf.de\/wp-content\/uploads\/2022\/01\/inCollage_20220116_225210204.jpg","contentUrl":"https:\/\/blog.architekteninduesseldorf.de\/wp-content\/uploads\/2022\/01\/inCollage_20220116_225210204.jpg","width":1920,"height":1920},{"@type":"BreadcrumbList","@id":"https:\/\/blog.architekteninduesseldorf.de\/?p=735#breadcrumb","itemListElement":[{"@type":"ListItem","position":1,"name":"Startseite","item":"https:\/\/blog.architekteninduesseldorf.de\/"},{"@type":"ListItem","position":2,"name":"Haus in Bergisch Gladbach fertiggestellt"}]},{"@type":"WebSite","@id":"https:\/\/blog.architekteninduesseldorf.de\/#website","url":"https:\/\/blog.architekteninduesseldorf.de\/","name":"NEWSBLOG","description":"Architekturb\u00fcro Rehberg + Milesevic","publisher":{"@id":"https:\/\/blog.architekteninduesseldorf.de\/#organization"},"potentialAction":[{"@type":"SearchAction","target":{"@type":"EntryPoint","urlTemplate":"https:\/\/blog.architekteninduesseldorf.de\/?s={search_term_string}"},"query-input":{"@type":"PropertyValueSpecification","valueRequired":true,"valueName":"search_term_string"}}],"inLanguage":"de"},{"@type":"Organization","@id":"https:\/\/blog.architekteninduesseldorf.de\/#organization","name":"Rehberg + Milesevic Architekten","url":"https:\/\/blog.architekteninduesseldorf.de\/","logo":{"@type":"ImageObject","inLanguage":"de","@id":"https:\/\/blog.architekteninduesseldorf.de\/#\/schema\/logo\/image\/","url":"http:\/\/blog.architekteninduesseldorf.de\/wp-content\/uploads\/2019\/01\/180907-Bild3.jpg","contentUrl":"http:\/\/blog.architekteninduesseldorf.de\/wp-content\/uploads\/2019\/01\/180907-Bild3.jpg","width":1024,"height":768,"caption":"Rehberg + Milesevic Architekten"},"image":{"@id":"https:\/\/blog.architekteninduesseldorf.de\/#\/schema\/logo\/image\/"}},{"@type":"Person","@id":"https:\/\/blog.architekteninduesseldorf.de\/#\/schema\/person\/d8ead14ad7429b3a0d1350f8029be56a","name":"Rehberg + Milesevic Architekten"}]}},"_links":{"self":[{"href":"https:\/\/blog.architekteninduesseldorf.de\/index.php?rest_route=\/wp\/v2\/posts\/735","targetHints":{"allow":["GET"]}}],"collection":[{"href":"https:\/\/blog.architekteninduesseldorf.de\/index.php?rest_route=\/wp\/v2\/posts"}],"about":[{"href":"https:\/\/blog.architekteninduesseldorf.de\/index.php?rest_route=\/wp\/v2\/types\/post"}],"author":[{"embeddable":true,"href":"https:\/\/blog.architekteninduesseldorf.de\/index.php?rest_route=\/wp\/v2\/users\/1"}],"replies":[{"embeddable":true,"href":"https:\/\/blog.architekteninduesseldorf.de\/index.php?rest_route=%2Fwp%2Fv2%2Fcomments&post=735"}],"version-history":[{"count":1,"href":"https:\/\/blog.architekteninduesseldorf.de\/index.php?rest_route=\/wp\/v2\/posts\/735\/revisions"}],"predecessor-version":[{"id":736,"href":"https:\/\/blog.architekteninduesseldorf.de\/index.php?rest_route=\/wp\/v2\/posts\/735\/revisions\/736"}],"wp:attachment":[{"href":"https:\/\/blog.architekteninduesseldorf.de\/index.php?rest_route=%2Fwp%2Fv2%2Fmedia&parent=735"}],"wp:term":[{"taxonomy":"category","embeddable":true,"href":"https:\/\/blog.architekteninduesseldorf.de\/index.php?rest_route=%2Fwp%2Fv2%2Fcategories&post=735"},{"taxonomy":"post_tag","embeddable":true,"href":"https:\/\/blog.architekteninduesseldorf.de\/index.php?rest_route=%2Fwp%2Fv2%2Ftags&post=735"}],"curies":[{"name":"wp","href":"https:\/\/api.w.org\/{rel}","templated":true}]}}