{"id":575,"date":"2020-11-29T23:30:50","date_gmt":"2020-11-29T22:30:50","guid":{"rendered":"http:\/\/blog.architekteninduesseldorf.de\/?p=575"},"modified":"2021-03-16T11:55:45","modified_gmt":"2021-03-16T10:55:45","slug":"kernsanierung-in-duesseldorf-loerick","status":"publish","type":"post","link":"https:\/\/blog.architekteninduesseldorf.de\/?p=575","title":{"rendered":"Kernsanierung in D\u00fcsseldorf &#8211; L\u00f6rick"},"content":{"rendered":"\n<figure class=\"wp-block-image size-large is-resized\"><img loading=\"lazy\" decoding=\"async\" src=\"https:\/\/blog.architekteninduesseldorf.de\/wp-content\/uploads\/2020\/11\/Image2_003.png\" alt=\"\" class=\"wp-image-573\" width=\"434\" height=\"384\" srcset=\"https:\/\/blog.architekteninduesseldorf.de\/wp-content\/uploads\/2020\/11\/Image2_003.png 1025w, https:\/\/blog.architekteninduesseldorf.de\/wp-content\/uploads\/2020\/11\/Image2_003-300x266.png 300w, https:\/\/blog.architekteninduesseldorf.de\/wp-content\/uploads\/2020\/11\/Image2_003-768x681.png 768w\" sizes=\"auto, (max-width: 434px) 100vw, 434px\" \/><\/figure>\n\n\n\n<div class=\"wp-block-media-text alignwide is-stacked-on-mobile is-image-fill\" style=\"grid-template-columns:40% auto\"><figure class=\"wp-block-media-text__media\" style=\"background-image:url(https:\/\/blog.architekteninduesseldorf.de\/wp-content\/uploads\/2020\/11\/Image2_004.png);background-position:50% 50%\"><img loading=\"lazy\" decoding=\"async\" width=\"944\" height=\"1011\" src=\"https:\/\/blog.architekteninduesseldorf.de\/wp-content\/uploads\/2020\/11\/Image2_004.png\" alt=\"\" class=\"wp-image-574 size-full\" srcset=\"https:\/\/blog.architekteninduesseldorf.de\/wp-content\/uploads\/2020\/11\/Image2_004.png 944w, https:\/\/blog.architekteninduesseldorf.de\/wp-content\/uploads\/2020\/11\/Image2_004-280x300.png 280w, https:\/\/blog.architekteninduesseldorf.de\/wp-content\/uploads\/2020\/11\/Image2_004-768x823.png 768w\" sizes=\"auto, (max-width: 944px) 100vw, 944px\" \/><\/figure><div class=\"wp-block-media-text__content\">\n<p class=\"wp-block-paragraph\">Dieses Mehrfamilienhaus im linksrheinischen L\u00f6rick soll insgesamt saniert und neu aufgeteilt werden. Rehberg + Milesevic Architekten wurden mit Planung und Bauleitung beauftragt und haben bereits mit der Bestandsaufnahme und Konzeptentwicklung begonnen.<\/p>\n<\/div><\/div>\n\n\n\n<p class=\"wp-block-paragraph\">Die vorhandenen Wohnungen werden neu aufgeteilt und mit Balkonen auf der Gartenseite erg\u00e4nzt. M\u00e4ngel im Brandschutz werden beseitigt und ein Fernw\u00e4rmeanschlu\u00df installiert. Auch die Aussenanlagen und das Hofgeb\u00e4ude werden neu gestaltet.<\/p>\n","protected":false},"excerpt":{"rendered":"<p>Dieses Mehrfamilienhaus im linksrheinischen L\u00f6rick soll insgesamt saniert und neu aufgeteilt werden. Rehberg + Milesevic Architekten wurden mit Planung und Bauleitung beauftragt und haben bereits mit der Bestandsaufnahme und Konzeptentwicklung begonnen. Die vorhandenen Wohnungen werden neu aufgeteilt und mit Balkonen auf der Gartenseite erg\u00e4nzt. M\u00e4ngel im Brandschutz werden beseitigt und ein Fernw\u00e4rmeanschlu\u00df installiert. Auch die [&hellip;]<\/p>\n","protected":false},"author":1,"featured_media":0,"comment_status":"closed","ping_status":"open","sticky":false,"template":"","format":"standard","meta":{"footnotes":""},"categories":[1],"tags":[86,11,24,95,17,7],"class_list":["post-575","post","type-post","status-publish","format-standard","hentry","category-uncategorized","tag-altbausanierung","tag-duesseldorf","tag-energetische-sanierung","tag-loerick","tag-mehrfamilienhaus","tag-sanierung"],"yoast_head":"<!-- This site is optimized with the Yoast SEO plugin v28.4 - https:\/\/yoast.com\/product\/yoast-seo-wordpress\/ -->\n<title>Kernsanierung in D\u00fcsseldorf - L\u00f6rick - NEWSBLOG<\/title>\n<meta name=\"robots\" content=\"index, follow, max-snippet:-1, max-image-preview:large, max-video-preview:-1\" \/>\n<link rel=\"canonical\" href=\"https:\/\/blog.architekteninduesseldorf.de\/?p=575\" \/>\n<meta property=\"og:locale\" content=\"de_DE\" \/>\n<meta property=\"og:type\" content=\"article\" \/>\n<meta property=\"og:title\" content=\"Kernsanierung in D\u00fcsseldorf - L\u00f6rick - NEWSBLOG\" \/>\n<meta property=\"og:description\" content=\"Dieses Mehrfamilienhaus im linksrheinischen L\u00f6rick soll insgesamt saniert und neu aufgeteilt werden. Rehberg + Milesevic Architekten wurden mit Planung und Bauleitung beauftragt und haben bereits mit der Bestandsaufnahme und Konzeptentwicklung begonnen. Die vorhandenen Wohnungen werden neu aufgeteilt und mit Balkonen auf der Gartenseite erg\u00e4nzt. M\u00e4ngel im Brandschutz werden beseitigt und ein Fernw\u00e4rmeanschlu\u00df installiert. Auch die [&hellip;]\" \/>\n<meta property=\"og:url\" content=\"https:\/\/blog.architekteninduesseldorf.de\/?p=575\" \/>\n<meta property=\"og:site_name\" content=\"NEWSBLOG\" \/>\n<meta property=\"article:published_time\" content=\"2020-11-29T22:30:50+00:00\" \/>\n<meta property=\"article:modified_time\" content=\"2021-03-16T10:55:45+00:00\" \/>\n<meta property=\"og:image\" content=\"http:\/\/blog.architekteninduesseldorf.de\/wp-content\/uploads\/2020\/11\/Image2_003.png\" \/>\n<meta name=\"author\" content=\"Rehberg + Milesevic Architekten\" \/>\n<meta name=\"twitter:card\" content=\"summary_large_image\" \/>\n<meta name=\"twitter:label1\" content=\"Verfasst von\" \/>\n\t<meta name=\"twitter:data1\" content=\"Rehberg + Milesevic Architekten\" \/>\n\t<meta name=\"twitter:label2\" content=\"Gesch\u00e4tzte Lesezeit\" \/>\n\t<meta name=\"twitter:data2\" content=\"1\u00a0Minute\" \/>\n<script type=\"application\/ld+json\" class=\"yoast-schema-graph\">{\"@context\":\"https:\\\/\\\/schema.org\",\"@graph\":[{\"@type\":\"Article\",\"@id\":\"https:\\\/\\\/blog.architekteninduesseldorf.de\\\/?p=575#article\",\"isPartOf\":{\"@id\":\"https:\\\/\\\/blog.architekteninduesseldorf.de\\\/?p=575\"},\"author\":{\"name\":\"Rehberg + Milesevic Architekten\",\"@id\":\"https:\\\/\\\/blog.architekteninduesseldorf.de\\\/#\\\/schema\\\/person\\\/d8ead14ad7429b3a0d1350f8029be56a\"},\"headline\":\"Kernsanierung in D\u00fcsseldorf &#8211; L\u00f6rick\",\"datePublished\":\"2020-11-29T22:30:50+00:00\",\"dateModified\":\"2021-03-16T10:55:45+00:00\",\"mainEntityOfPage\":{\"@id\":\"https:\\\/\\\/blog.architekteninduesseldorf.de\\\/?p=575\"},\"wordCount\":73,\"publisher\":{\"@id\":\"https:\\\/\\\/blog.architekteninduesseldorf.de\\\/#organization\"},\"image\":{\"@id\":\"https:\\\/\\\/blog.architekteninduesseldorf.de\\\/?p=575#primaryimage\"},\"thumbnailUrl\":\"http:\\\/\\\/blog.architekteninduesseldorf.de\\\/wp-content\\\/uploads\\\/2020\\\/11\\\/Image2_003.png\",\"keywords\":[\"Altbausanierung\",\"D\u00fcsseldorf\",\"Energetische Sanierung\",\"L\u00f6rick\",\"Mehrfamilienhaus\",\"Sanierung\"],\"articleSection\":[\"Uncategorized\"],\"inLanguage\":\"de\"},{\"@type\":\"WebPage\",\"@id\":\"https:\\\/\\\/blog.architekteninduesseldorf.de\\\/?p=575\",\"url\":\"https:\\\/\\\/blog.architekteninduesseldorf.de\\\/?p=575\",\"name\":\"Kernsanierung in D\u00fcsseldorf - L\u00f6rick - NEWSBLOG\",\"isPartOf\":{\"@id\":\"https:\\\/\\\/blog.architekteninduesseldorf.de\\\/#website\"},\"primaryImageOfPage\":{\"@id\":\"https:\\\/\\\/blog.architekteninduesseldorf.de\\\/?p=575#primaryimage\"},\"image\":{\"@id\":\"https:\\\/\\\/blog.architekteninduesseldorf.de\\\/?p=575#primaryimage\"},\"thumbnailUrl\":\"http:\\\/\\\/blog.architekteninduesseldorf.de\\\/wp-content\\\/uploads\\\/2020\\\/11\\\/Image2_003.png\",\"datePublished\":\"2020-11-29T22:30:50+00:00\",\"dateModified\":\"2021-03-16T10:55:45+00:00\",\"breadcrumb\":{\"@id\":\"https:\\\/\\\/blog.architekteninduesseldorf.de\\\/?p=575#breadcrumb\"},\"inLanguage\":\"de\",\"potentialAction\":[{\"@type\":\"ReadAction\",\"target\":[\"https:\\\/\\\/blog.architekteninduesseldorf.de\\\/?p=575\"]}]},{\"@type\":\"ImageObject\",\"inLanguage\":\"de\",\"@id\":\"https:\\\/\\\/blog.architekteninduesseldorf.de\\\/?p=575#primaryimage\",\"url\":\"https:\\\/\\\/blog.architekteninduesseldorf.de\\\/wp-content\\\/uploads\\\/2020\\\/11\\\/Image2_003.png\",\"contentUrl\":\"https:\\\/\\\/blog.architekteninduesseldorf.de\\\/wp-content\\\/uploads\\\/2020\\\/11\\\/Image2_003.png\",\"width\":1025,\"height\":909},{\"@type\":\"BreadcrumbList\",\"@id\":\"https:\\\/\\\/blog.architekteninduesseldorf.de\\\/?p=575#breadcrumb\",\"itemListElement\":[{\"@type\":\"ListItem\",\"position\":1,\"name\":\"Startseite\",\"item\":\"https:\\\/\\\/blog.architekteninduesseldorf.de\\\/\"},{\"@type\":\"ListItem\",\"position\":2,\"name\":\"Kernsanierung in D\u00fcsseldorf &#8211; L\u00f6rick\"}]},{\"@type\":\"WebSite\",\"@id\":\"https:\\\/\\\/blog.architekteninduesseldorf.de\\\/#website\",\"url\":\"https:\\\/\\\/blog.architekteninduesseldorf.de\\\/\",\"name\":\"NEWSBLOG\",\"description\":\"Architekturb\u00fcro Rehberg + Milesevic\",\"publisher\":{\"@id\":\"https:\\\/\\\/blog.architekteninduesseldorf.de\\\/#organization\"},\"potentialAction\":[{\"@type\":\"SearchAction\",\"target\":{\"@type\":\"EntryPoint\",\"urlTemplate\":\"https:\\\/\\\/blog.architekteninduesseldorf.de\\\/?s={search_term_string}\"},\"query-input\":{\"@type\":\"PropertyValueSpecification\",\"valueRequired\":true,\"valueName\":\"search_term_string\"}}],\"inLanguage\":\"de\"},{\"@type\":\"Organization\",\"@id\":\"https:\\\/\\\/blog.architekteninduesseldorf.de\\\/#organization\",\"name\":\"Rehberg + Milesevic Architekten\",\"url\":\"https:\\\/\\\/blog.architekteninduesseldorf.de\\\/\",\"logo\":{\"@type\":\"ImageObject\",\"inLanguage\":\"de\",\"@id\":\"https:\\\/\\\/blog.architekteninduesseldorf.de\\\/#\\\/schema\\\/logo\\\/image\\\/\",\"url\":\"http:\\\/\\\/blog.architekteninduesseldorf.de\\\/wp-content\\\/uploads\\\/2019\\\/01\\\/180907-Bild3.jpg\",\"contentUrl\":\"http:\\\/\\\/blog.architekteninduesseldorf.de\\\/wp-content\\\/uploads\\\/2019\\\/01\\\/180907-Bild3.jpg\",\"width\":1024,\"height\":768,\"caption\":\"Rehberg + Milesevic Architekten\"},\"image\":{\"@id\":\"https:\\\/\\\/blog.architekteninduesseldorf.de\\\/#\\\/schema\\\/logo\\\/image\\\/\"}},{\"@type\":\"Person\",\"@id\":\"https:\\\/\\\/blog.architekteninduesseldorf.de\\\/#\\\/schema\\\/person\\\/d8ead14ad7429b3a0d1350f8029be56a\",\"name\":\"Rehberg + Milesevic Architekten\"}]}<\/script>\n<!-- \/ Yoast SEO plugin. -->","yoast_head_json":{"title":"Kernsanierung in D\u00fcsseldorf - L\u00f6rick - NEWSBLOG","robots":{"index":"index","follow":"follow","max-snippet":"max-snippet:-1","max-image-preview":"max-image-preview:large","max-video-preview":"max-video-preview:-1"},"canonical":"https:\/\/blog.architekteninduesseldorf.de\/?p=575","og_locale":"de_DE","og_type":"article","og_title":"Kernsanierung in D\u00fcsseldorf - L\u00f6rick - NEWSBLOG","og_description":"Dieses Mehrfamilienhaus im linksrheinischen L\u00f6rick soll insgesamt saniert und neu aufgeteilt werden. Rehberg + Milesevic Architekten wurden mit Planung und Bauleitung beauftragt und haben bereits mit der Bestandsaufnahme und Konzeptentwicklung begonnen. Die vorhandenen Wohnungen werden neu aufgeteilt und mit Balkonen auf der Gartenseite erg\u00e4nzt. M\u00e4ngel im Brandschutz werden beseitigt und ein Fernw\u00e4rmeanschlu\u00df installiert. Auch die [&hellip;]","og_url":"https:\/\/blog.architekteninduesseldorf.de\/?p=575","og_site_name":"NEWSBLOG","article_published_time":"2020-11-29T22:30:50+00:00","article_modified_time":"2021-03-16T10:55:45+00:00","og_image":[{"url":"http:\/\/blog.architekteninduesseldorf.de\/wp-content\/uploads\/2020\/11\/Image2_003.png","type":"","width":"","height":""}],"author":"Rehberg + Milesevic Architekten","twitter_card":"summary_large_image","twitter_misc":{"Verfasst von":"Rehberg + Milesevic Architekten","Gesch\u00e4tzte Lesezeit":"1\u00a0Minute"},"schema":{"@context":"https:\/\/schema.org","@graph":[{"@type":"Article","@id":"https:\/\/blog.architekteninduesseldorf.de\/?p=575#article","isPartOf":{"@id":"https:\/\/blog.architekteninduesseldorf.de\/?p=575"},"author":{"name":"Rehberg + Milesevic Architekten","@id":"https:\/\/blog.architekteninduesseldorf.de\/#\/schema\/person\/d8ead14ad7429b3a0d1350f8029be56a"},"headline":"Kernsanierung in D\u00fcsseldorf &#8211; L\u00f6rick","datePublished":"2020-11-29T22:30:50+00:00","dateModified":"2021-03-16T10:55:45+00:00","mainEntityOfPage":{"@id":"https:\/\/blog.architekteninduesseldorf.de\/?p=575"},"wordCount":73,"publisher":{"@id":"https:\/\/blog.architekteninduesseldorf.de\/#organization"},"image":{"@id":"https:\/\/blog.architekteninduesseldorf.de\/?p=575#primaryimage"},"thumbnailUrl":"http:\/\/blog.architekteninduesseldorf.de\/wp-content\/uploads\/2020\/11\/Image2_003.png","keywords":["Altbausanierung","D\u00fcsseldorf","Energetische Sanierung","L\u00f6rick","Mehrfamilienhaus","Sanierung"],"articleSection":["Uncategorized"],"inLanguage":"de"},{"@type":"WebPage","@id":"https:\/\/blog.architekteninduesseldorf.de\/?p=575","url":"https:\/\/blog.architekteninduesseldorf.de\/?p=575","name":"Kernsanierung in D\u00fcsseldorf - L\u00f6rick - NEWSBLOG","isPartOf":{"@id":"https:\/\/blog.architekteninduesseldorf.de\/#website"},"primaryImageOfPage":{"@id":"https:\/\/blog.architekteninduesseldorf.de\/?p=575#primaryimage"},"image":{"@id":"https:\/\/blog.architekteninduesseldorf.de\/?p=575#primaryimage"},"thumbnailUrl":"http:\/\/blog.architekteninduesseldorf.de\/wp-content\/uploads\/2020\/11\/Image2_003.png","datePublished":"2020-11-29T22:30:50+00:00","dateModified":"2021-03-16T10:55:45+00:00","breadcrumb":{"@id":"https:\/\/blog.architekteninduesseldorf.de\/?p=575#breadcrumb"},"inLanguage":"de","potentialAction":[{"@type":"ReadAction","target":["https:\/\/blog.architekteninduesseldorf.de\/?p=575"]}]},{"@type":"ImageObject","inLanguage":"de","@id":"https:\/\/blog.architekteninduesseldorf.de\/?p=575#primaryimage","url":"https:\/\/blog.architekteninduesseldorf.de\/wp-content\/uploads\/2020\/11\/Image2_003.png","contentUrl":"https:\/\/blog.architekteninduesseldorf.de\/wp-content\/uploads\/2020\/11\/Image2_003.png","width":1025,"height":909},{"@type":"BreadcrumbList","@id":"https:\/\/blog.architekteninduesseldorf.de\/?p=575#breadcrumb","itemListElement":[{"@type":"ListItem","position":1,"name":"Startseite","item":"https:\/\/blog.architekteninduesseldorf.de\/"},{"@type":"ListItem","position":2,"name":"Kernsanierung in D\u00fcsseldorf &#8211; L\u00f6rick"}]},{"@type":"WebSite","@id":"https:\/\/blog.architekteninduesseldorf.de\/#website","url":"https:\/\/blog.architekteninduesseldorf.de\/","name":"NEWSBLOG","description":"Architekturb\u00fcro Rehberg + Milesevic","publisher":{"@id":"https:\/\/blog.architekteninduesseldorf.de\/#organization"},"potentialAction":[{"@type":"SearchAction","target":{"@type":"EntryPoint","urlTemplate":"https:\/\/blog.architekteninduesseldorf.de\/?s={search_term_string}"},"query-input":{"@type":"PropertyValueSpecification","valueRequired":true,"valueName":"search_term_string"}}],"inLanguage":"de"},{"@type":"Organization","@id":"https:\/\/blog.architekteninduesseldorf.de\/#organization","name":"Rehberg + Milesevic Architekten","url":"https:\/\/blog.architekteninduesseldorf.de\/","logo":{"@type":"ImageObject","inLanguage":"de","@id":"https:\/\/blog.architekteninduesseldorf.de\/#\/schema\/logo\/image\/","url":"http:\/\/blog.architekteninduesseldorf.de\/wp-content\/uploads\/2019\/01\/180907-Bild3.jpg","contentUrl":"http:\/\/blog.architekteninduesseldorf.de\/wp-content\/uploads\/2019\/01\/180907-Bild3.jpg","width":1024,"height":768,"caption":"Rehberg + Milesevic Architekten"},"image":{"@id":"https:\/\/blog.architekteninduesseldorf.de\/#\/schema\/logo\/image\/"}},{"@type":"Person","@id":"https:\/\/blog.architekteninduesseldorf.de\/#\/schema\/person\/d8ead14ad7429b3a0d1350f8029be56a","name":"Rehberg + Milesevic Architekten"}]}},"_links":{"self":[{"href":"https:\/\/blog.architekteninduesseldorf.de\/index.php?rest_route=\/wp\/v2\/posts\/575","targetHints":{"allow":["GET"]}}],"collection":[{"href":"https:\/\/blog.architekteninduesseldorf.de\/index.php?rest_route=\/wp\/v2\/posts"}],"about":[{"href":"https:\/\/blog.architekteninduesseldorf.de\/index.php?rest_route=\/wp\/v2\/types\/post"}],"author":[{"embeddable":true,"href":"https:\/\/blog.architekteninduesseldorf.de\/index.php?rest_route=\/wp\/v2\/users\/1"}],"replies":[{"embeddable":true,"href":"https:\/\/blog.architekteninduesseldorf.de\/index.php?rest_route=%2Fwp%2Fv2%2Fcomments&post=575"}],"version-history":[{"count":4,"href":"https:\/\/blog.architekteninduesseldorf.de\/index.php?rest_route=\/wp\/v2\/posts\/575\/revisions"}],"predecessor-version":[{"id":609,"href":"https:\/\/blog.architekteninduesseldorf.de\/index.php?rest_route=\/wp\/v2\/posts\/575\/revisions\/609"}],"wp:attachment":[{"href":"https:\/\/blog.architekteninduesseldorf.de\/index.php?rest_route=%2Fwp%2Fv2%2Fmedia&parent=575"}],"wp:term":[{"taxonomy":"category","embeddable":true,"href":"https:\/\/blog.architekteninduesseldorf.de\/index.php?rest_route=%2Fwp%2Fv2%2Fcategories&post=575"},{"taxonomy":"post_tag","embeddable":true,"href":"https:\/\/blog.architekteninduesseldorf.de\/index.php?rest_route=%2Fwp%2Fv2%2Ftags&post=575"}],"curies":[{"name":"wp","href":"https:\/\/api.w.org\/{rel}","templated":true}]}}