{"id":506,"date":"2020-08-27T17:14:32","date_gmt":"2020-08-27T15:14:32","guid":{"rendered":"http:\/\/blog.architekteninduesseldorf.de\/?p=506"},"modified":"2021-03-17T21:57:40","modified_gmt":"2021-03-17T20:57:40","slug":"energetische-sanierung-der-gesamtschule-duisburg-walsum","status":"publish","type":"post","link":"https:\/\/blog.architekteninduesseldorf.de\/?p=506","title":{"rendered":"Energetische Sanierung der Gesamtschule Duisburg -Walsum"},"content":{"rendered":"\n<figure class=\"wp-block-image size-medium\"><img loading=\"lazy\" decoding=\"async\" width=\"300\" height=\"225\" src=\"https:\/\/blog.architekteninduesseldorf.de\/wp-content\/uploads\/2020\/08\/20200827_130746-300x225.jpg\" alt=\"\" class=\"wp-image-501\" srcset=\"https:\/\/blog.architekteninduesseldorf.de\/wp-content\/uploads\/2020\/08\/20200827_130746-300x225.jpg 300w, https:\/\/blog.architekteninduesseldorf.de\/wp-content\/uploads\/2020\/08\/20200827_130746-1024x768.jpg 1024w, https:\/\/blog.architekteninduesseldorf.de\/wp-content\/uploads\/2020\/08\/20200827_130746-768x576.jpg 768w, https:\/\/blog.architekteninduesseldorf.de\/wp-content\/uploads\/2020\/08\/20200827_130746.jpg 1388w\" sizes=\"auto, (max-width: 300px) 100vw, 300px\" \/><\/figure>\n\n\n\n<figure class=\"wp-block-image size-medium\"><img loading=\"lazy\" decoding=\"async\" width=\"300\" height=\"225\" src=\"https:\/\/blog.architekteninduesseldorf.de\/wp-content\/uploads\/2020\/08\/20200827_130958-300x225.jpg\" alt=\"\" class=\"wp-image-502\" srcset=\"https:\/\/blog.architekteninduesseldorf.de\/wp-content\/uploads\/2020\/08\/20200827_130958-300x225.jpg 300w, https:\/\/blog.architekteninduesseldorf.de\/wp-content\/uploads\/2020\/08\/20200827_130958-1024x768.jpg 1024w, https:\/\/blog.architekteninduesseldorf.de\/wp-content\/uploads\/2020\/08\/20200827_130958-768x576.jpg 768w, https:\/\/blog.architekteninduesseldorf.de\/wp-content\/uploads\/2020\/08\/20200827_130958.jpg 1316w\" sizes=\"auto, (max-width: 300px) 100vw, 300px\" \/><\/figure>\n\n\n\n<figure class=\"wp-block-image size-medium\"><img loading=\"lazy\" decoding=\"async\" width=\"300\" height=\"225\" src=\"https:\/\/blog.architekteninduesseldorf.de\/wp-content\/uploads\/2020\/08\/20200827_131404-300x225.jpg\" alt=\"\" class=\"wp-image-503\" srcset=\"https:\/\/blog.architekteninduesseldorf.de\/wp-content\/uploads\/2020\/08\/20200827_131404-300x225.jpg 300w, https:\/\/blog.architekteninduesseldorf.de\/wp-content\/uploads\/2020\/08\/20200827_131404-1024x768.jpg 1024w, https:\/\/blog.architekteninduesseldorf.de\/wp-content\/uploads\/2020\/08\/20200827_131404-768x576.jpg 768w, https:\/\/blog.architekteninduesseldorf.de\/wp-content\/uploads\/2020\/08\/20200827_131404.jpg 1316w\" sizes=\"auto, (max-width: 300px) 100vw, 300px\" \/><\/figure>\n\n\n\n<p class=\"wp-block-paragraph\">Die energetische Sanierung wurde mit Ende der Sommerferien abgeschlossen. Alle Fenster \/ T\u00fcren sowie die Fassade und die letzte Gescho\u00dfdecke des Hauswirtschaftsgeb\u00e4udes wurden bearbeitet und energetisch optimiert. Mit einer farbenfrohen Ausf\u00fchrung der Fensterbr\u00fcstungen erf\u00e4hrt das Schulgel\u00e4nde eine Aufwertung, die in weiteren bauabschnitten fortgef\u00fchrt werden soll.<\/p>\n","protected":false},"excerpt":{"rendered":"<p>Die energetische Sanierung wurde mit Ende der Sommerferien abgeschlossen. Alle Fenster \/ T\u00fcren sowie die Fassade und die letzte Gescho\u00dfdecke des Hauswirtschaftsgeb\u00e4udes wurden bearbeitet und energetisch optimiert. Mit einer farbenfrohen Ausf\u00fchrung der Fensterbr\u00fcstungen erf\u00e4hrt das Schulgel\u00e4nde eine Aufwertung, die in weiteren bauabschnitten fortgef\u00fchrt werden soll.<\/p>\n","protected":false},"author":1,"featured_media":0,"comment_status":"closed","ping_status":"open","sticky":false,"template":"","format":"standard","meta":{"footnotes":""},"categories":[1],"tags":[23,24,78,4,25,64],"class_list":["post-506","post","type-post","status-publish","format-standard","hentry","category-uncategorized","tag-duisburg","tag-energetische-sanierung","tag-oeffentliche-gebaeude","tag-oeffentliche-gebaeude-sanierung","tag-schule","tag-walsum"],"yoast_head":"<!-- This site is optimized with the Yoast SEO plugin v28.4 - https:\/\/yoast.com\/product\/yoast-seo-wordpress\/ -->\n<title>Energetische Sanierung der Gesamtschule Duisburg -Walsum - NEWSBLOG<\/title>\n<meta name=\"robots\" content=\"index, follow, max-snippet:-1, max-image-preview:large, max-video-preview:-1\" \/>\n<link rel=\"canonical\" href=\"https:\/\/blog.architekteninduesseldorf.de\/?p=506\" \/>\n<meta property=\"og:locale\" content=\"de_DE\" \/>\n<meta property=\"og:type\" content=\"article\" \/>\n<meta property=\"og:title\" content=\"Energetische Sanierung der Gesamtschule Duisburg -Walsum - NEWSBLOG\" \/>\n<meta property=\"og:description\" content=\"Die energetische Sanierung wurde mit Ende der Sommerferien abgeschlossen. Alle Fenster \/ T\u00fcren sowie die Fassade und die letzte Gescho\u00dfdecke des Hauswirtschaftsgeb\u00e4udes wurden bearbeitet und energetisch optimiert. Mit einer farbenfrohen Ausf\u00fchrung der Fensterbr\u00fcstungen erf\u00e4hrt das Schulgel\u00e4nde eine Aufwertung, die in weiteren bauabschnitten fortgef\u00fchrt werden soll.\" \/>\n<meta property=\"og:url\" content=\"https:\/\/blog.architekteninduesseldorf.de\/?p=506\" \/>\n<meta property=\"og:site_name\" content=\"NEWSBLOG\" \/>\n<meta property=\"article:published_time\" content=\"2020-08-27T15:14:32+00:00\" \/>\n<meta property=\"article:modified_time\" content=\"2021-03-17T20:57:40+00:00\" \/>\n<meta property=\"og:image\" content=\"http:\/\/blog.architekteninduesseldorf.de\/wp-content\/uploads\/2020\/08\/20200827_130746-300x225.jpg\" \/>\n<meta name=\"author\" content=\"Rehberg + Milesevic Architekten\" \/>\n<meta name=\"twitter:card\" content=\"summary_large_image\" \/>\n<meta name=\"twitter:label1\" content=\"Verfasst von\" \/>\n\t<meta name=\"twitter:data1\" content=\"Rehberg + Milesevic Architekten\" \/>\n\t<meta name=\"twitter:label2\" content=\"Gesch\u00e4tzte Lesezeit\" \/>\n\t<meta name=\"twitter:data2\" content=\"1\u00a0Minute\" \/>\n<script type=\"application\/ld+json\" class=\"yoast-schema-graph\">{\"@context\":\"https:\\\/\\\/schema.org\",\"@graph\":[{\"@type\":\"Article\",\"@id\":\"https:\\\/\\\/blog.architekteninduesseldorf.de\\\/?p=506#article\",\"isPartOf\":{\"@id\":\"https:\\\/\\\/blog.architekteninduesseldorf.de\\\/?p=506\"},\"author\":{\"name\":\"Rehberg + Milesevic Architekten\",\"@id\":\"https:\\\/\\\/blog.architekteninduesseldorf.de\\\/#\\\/schema\\\/person\\\/d8ead14ad7429b3a0d1350f8029be56a\"},\"headline\":\"Energetische Sanierung der Gesamtschule Duisburg -Walsum\",\"datePublished\":\"2020-08-27T15:14:32+00:00\",\"dateModified\":\"2021-03-17T20:57:40+00:00\",\"mainEntityOfPage\":{\"@id\":\"https:\\\/\\\/blog.architekteninduesseldorf.de\\\/?p=506\"},\"wordCount\":58,\"publisher\":{\"@id\":\"https:\\\/\\\/blog.architekteninduesseldorf.de\\\/#organization\"},\"image\":{\"@id\":\"https:\\\/\\\/blog.architekteninduesseldorf.de\\\/?p=506#primaryimage\"},\"thumbnailUrl\":\"http:\\\/\\\/blog.architekteninduesseldorf.de\\\/wp-content\\\/uploads\\\/2020\\\/08\\\/20200827_130746-300x225.jpg\",\"keywords\":[\"Duisburg\",\"Energetische Sanierung\",\"\u00d6ffentliche Geb\u00e4ude\",\"\u00d6ffentliche Geb\u00e4ude; Sanierung\",\"Schule\",\"Walsum\"],\"articleSection\":[\"Uncategorized\"],\"inLanguage\":\"de\"},{\"@type\":\"WebPage\",\"@id\":\"https:\\\/\\\/blog.architekteninduesseldorf.de\\\/?p=506\",\"url\":\"https:\\\/\\\/blog.architekteninduesseldorf.de\\\/?p=506\",\"name\":\"Energetische Sanierung der Gesamtschule Duisburg -Walsum - NEWSBLOG\",\"isPartOf\":{\"@id\":\"https:\\\/\\\/blog.architekteninduesseldorf.de\\\/#website\"},\"primaryImageOfPage\":{\"@id\":\"https:\\\/\\\/blog.architekteninduesseldorf.de\\\/?p=506#primaryimage\"},\"image\":{\"@id\":\"https:\\\/\\\/blog.architekteninduesseldorf.de\\\/?p=506#primaryimage\"},\"thumbnailUrl\":\"http:\\\/\\\/blog.architekteninduesseldorf.de\\\/wp-content\\\/uploads\\\/2020\\\/08\\\/20200827_130746-300x225.jpg\",\"datePublished\":\"2020-08-27T15:14:32+00:00\",\"dateModified\":\"2021-03-17T20:57:40+00:00\",\"breadcrumb\":{\"@id\":\"https:\\\/\\\/blog.architekteninduesseldorf.de\\\/?p=506#breadcrumb\"},\"inLanguage\":\"de\",\"potentialAction\":[{\"@type\":\"ReadAction\",\"target\":[\"https:\\\/\\\/blog.architekteninduesseldorf.de\\\/?p=506\"]}]},{\"@type\":\"ImageObject\",\"inLanguage\":\"de\",\"@id\":\"https:\\\/\\\/blog.architekteninduesseldorf.de\\\/?p=506#primaryimage\",\"url\":\"https:\\\/\\\/blog.architekteninduesseldorf.de\\\/wp-content\\\/uploads\\\/2020\\\/08\\\/20200827_130746.jpg\",\"contentUrl\":\"https:\\\/\\\/blog.architekteninduesseldorf.de\\\/wp-content\\\/uploads\\\/2020\\\/08\\\/20200827_130746.jpg\",\"width\":1388,\"height\":1041},{\"@type\":\"BreadcrumbList\",\"@id\":\"https:\\\/\\\/blog.architekteninduesseldorf.de\\\/?p=506#breadcrumb\",\"itemListElement\":[{\"@type\":\"ListItem\",\"position\":1,\"name\":\"Startseite\",\"item\":\"https:\\\/\\\/blog.architekteninduesseldorf.de\\\/\"},{\"@type\":\"ListItem\",\"position\":2,\"name\":\"Energetische Sanierung der Gesamtschule Duisburg -Walsum\"}]},{\"@type\":\"WebSite\",\"@id\":\"https:\\\/\\\/blog.architekteninduesseldorf.de\\\/#website\",\"url\":\"https:\\\/\\\/blog.architekteninduesseldorf.de\\\/\",\"name\":\"NEWSBLOG\",\"description\":\"Architekturb\u00fcro Rehberg + Milesevic\",\"publisher\":{\"@id\":\"https:\\\/\\\/blog.architekteninduesseldorf.de\\\/#organization\"},\"potentialAction\":[{\"@type\":\"SearchAction\",\"target\":{\"@type\":\"EntryPoint\",\"urlTemplate\":\"https:\\\/\\\/blog.architekteninduesseldorf.de\\\/?s={search_term_string}\"},\"query-input\":{\"@type\":\"PropertyValueSpecification\",\"valueRequired\":true,\"valueName\":\"search_term_string\"}}],\"inLanguage\":\"de\"},{\"@type\":\"Organization\",\"@id\":\"https:\\\/\\\/blog.architekteninduesseldorf.de\\\/#organization\",\"name\":\"Rehberg + Milesevic Architekten\",\"url\":\"https:\\\/\\\/blog.architekteninduesseldorf.de\\\/\",\"logo\":{\"@type\":\"ImageObject\",\"inLanguage\":\"de\",\"@id\":\"https:\\\/\\\/blog.architekteninduesseldorf.de\\\/#\\\/schema\\\/logo\\\/image\\\/\",\"url\":\"http:\\\/\\\/blog.architekteninduesseldorf.de\\\/wp-content\\\/uploads\\\/2019\\\/01\\\/180907-Bild3.jpg\",\"contentUrl\":\"http:\\\/\\\/blog.architekteninduesseldorf.de\\\/wp-content\\\/uploads\\\/2019\\\/01\\\/180907-Bild3.jpg\",\"width\":1024,\"height\":768,\"caption\":\"Rehberg + Milesevic Architekten\"},\"image\":{\"@id\":\"https:\\\/\\\/blog.architekteninduesseldorf.de\\\/#\\\/schema\\\/logo\\\/image\\\/\"}},{\"@type\":\"Person\",\"@id\":\"https:\\\/\\\/blog.architekteninduesseldorf.de\\\/#\\\/schema\\\/person\\\/d8ead14ad7429b3a0d1350f8029be56a\",\"name\":\"Rehberg + Milesevic Architekten\"}]}<\/script>\n<!-- \/ Yoast SEO plugin. -->","yoast_head_json":{"title":"Energetische Sanierung der Gesamtschule Duisburg -Walsum - NEWSBLOG","robots":{"index":"index","follow":"follow","max-snippet":"max-snippet:-1","max-image-preview":"max-image-preview:large","max-video-preview":"max-video-preview:-1"},"canonical":"https:\/\/blog.architekteninduesseldorf.de\/?p=506","og_locale":"de_DE","og_type":"article","og_title":"Energetische Sanierung der Gesamtschule Duisburg -Walsum - NEWSBLOG","og_description":"Die energetische Sanierung wurde mit Ende der Sommerferien abgeschlossen. Alle Fenster \/ T\u00fcren sowie die Fassade und die letzte Gescho\u00dfdecke des Hauswirtschaftsgeb\u00e4udes wurden bearbeitet und energetisch optimiert. Mit einer farbenfrohen Ausf\u00fchrung der Fensterbr\u00fcstungen erf\u00e4hrt das Schulgel\u00e4nde eine Aufwertung, die in weiteren bauabschnitten fortgef\u00fchrt werden soll.","og_url":"https:\/\/blog.architekteninduesseldorf.de\/?p=506","og_site_name":"NEWSBLOG","article_published_time":"2020-08-27T15:14:32+00:00","article_modified_time":"2021-03-17T20:57:40+00:00","og_image":[{"url":"http:\/\/blog.architekteninduesseldorf.de\/wp-content\/uploads\/2020\/08\/20200827_130746-300x225.jpg","type":"","width":"","height":""}],"author":"Rehberg + Milesevic Architekten","twitter_card":"summary_large_image","twitter_misc":{"Verfasst von":"Rehberg + Milesevic Architekten","Gesch\u00e4tzte Lesezeit":"1\u00a0Minute"},"schema":{"@context":"https:\/\/schema.org","@graph":[{"@type":"Article","@id":"https:\/\/blog.architekteninduesseldorf.de\/?p=506#article","isPartOf":{"@id":"https:\/\/blog.architekteninduesseldorf.de\/?p=506"},"author":{"name":"Rehberg + Milesevic Architekten","@id":"https:\/\/blog.architekteninduesseldorf.de\/#\/schema\/person\/d8ead14ad7429b3a0d1350f8029be56a"},"headline":"Energetische Sanierung der Gesamtschule Duisburg -Walsum","datePublished":"2020-08-27T15:14:32+00:00","dateModified":"2021-03-17T20:57:40+00:00","mainEntityOfPage":{"@id":"https:\/\/blog.architekteninduesseldorf.de\/?p=506"},"wordCount":58,"publisher":{"@id":"https:\/\/blog.architekteninduesseldorf.de\/#organization"},"image":{"@id":"https:\/\/blog.architekteninduesseldorf.de\/?p=506#primaryimage"},"thumbnailUrl":"http:\/\/blog.architekteninduesseldorf.de\/wp-content\/uploads\/2020\/08\/20200827_130746-300x225.jpg","keywords":["Duisburg","Energetische Sanierung","\u00d6ffentliche Geb\u00e4ude","\u00d6ffentliche Geb\u00e4ude; Sanierung","Schule","Walsum"],"articleSection":["Uncategorized"],"inLanguage":"de"},{"@type":"WebPage","@id":"https:\/\/blog.architekteninduesseldorf.de\/?p=506","url":"https:\/\/blog.architekteninduesseldorf.de\/?p=506","name":"Energetische Sanierung der Gesamtschule Duisburg -Walsum - NEWSBLOG","isPartOf":{"@id":"https:\/\/blog.architekteninduesseldorf.de\/#website"},"primaryImageOfPage":{"@id":"https:\/\/blog.architekteninduesseldorf.de\/?p=506#primaryimage"},"image":{"@id":"https:\/\/blog.architekteninduesseldorf.de\/?p=506#primaryimage"},"thumbnailUrl":"http:\/\/blog.architekteninduesseldorf.de\/wp-content\/uploads\/2020\/08\/20200827_130746-300x225.jpg","datePublished":"2020-08-27T15:14:32+00:00","dateModified":"2021-03-17T20:57:40+00:00","breadcrumb":{"@id":"https:\/\/blog.architekteninduesseldorf.de\/?p=506#breadcrumb"},"inLanguage":"de","potentialAction":[{"@type":"ReadAction","target":["https:\/\/blog.architekteninduesseldorf.de\/?p=506"]}]},{"@type":"ImageObject","inLanguage":"de","@id":"https:\/\/blog.architekteninduesseldorf.de\/?p=506#primaryimage","url":"https:\/\/blog.architekteninduesseldorf.de\/wp-content\/uploads\/2020\/08\/20200827_130746.jpg","contentUrl":"https:\/\/blog.architekteninduesseldorf.de\/wp-content\/uploads\/2020\/08\/20200827_130746.jpg","width":1388,"height":1041},{"@type":"BreadcrumbList","@id":"https:\/\/blog.architekteninduesseldorf.de\/?p=506#breadcrumb","itemListElement":[{"@type":"ListItem","position":1,"name":"Startseite","item":"https:\/\/blog.architekteninduesseldorf.de\/"},{"@type":"ListItem","position":2,"name":"Energetische Sanierung der Gesamtschule Duisburg -Walsum"}]},{"@type":"WebSite","@id":"https:\/\/blog.architekteninduesseldorf.de\/#website","url":"https:\/\/blog.architekteninduesseldorf.de\/","name":"NEWSBLOG","description":"Architekturb\u00fcro Rehberg + Milesevic","publisher":{"@id":"https:\/\/blog.architekteninduesseldorf.de\/#organization"},"potentialAction":[{"@type":"SearchAction","target":{"@type":"EntryPoint","urlTemplate":"https:\/\/blog.architekteninduesseldorf.de\/?s={search_term_string}"},"query-input":{"@type":"PropertyValueSpecification","valueRequired":true,"valueName":"search_term_string"}}],"inLanguage":"de"},{"@type":"Organization","@id":"https:\/\/blog.architekteninduesseldorf.de\/#organization","name":"Rehberg + Milesevic Architekten","url":"https:\/\/blog.architekteninduesseldorf.de\/","logo":{"@type":"ImageObject","inLanguage":"de","@id":"https:\/\/blog.architekteninduesseldorf.de\/#\/schema\/logo\/image\/","url":"http:\/\/blog.architekteninduesseldorf.de\/wp-content\/uploads\/2019\/01\/180907-Bild3.jpg","contentUrl":"http:\/\/blog.architekteninduesseldorf.de\/wp-content\/uploads\/2019\/01\/180907-Bild3.jpg","width":1024,"height":768,"caption":"Rehberg + Milesevic Architekten"},"image":{"@id":"https:\/\/blog.architekteninduesseldorf.de\/#\/schema\/logo\/image\/"}},{"@type":"Person","@id":"https:\/\/blog.architekteninduesseldorf.de\/#\/schema\/person\/d8ead14ad7429b3a0d1350f8029be56a","name":"Rehberg + Milesevic Architekten"}]}},"_links":{"self":[{"href":"https:\/\/blog.architekteninduesseldorf.de\/index.php?rest_route=\/wp\/v2\/posts\/506","targetHints":{"allow":["GET"]}}],"collection":[{"href":"https:\/\/blog.architekteninduesseldorf.de\/index.php?rest_route=\/wp\/v2\/posts"}],"about":[{"href":"https:\/\/blog.architekteninduesseldorf.de\/index.php?rest_route=\/wp\/v2\/types\/post"}],"author":[{"embeddable":true,"href":"https:\/\/blog.architekteninduesseldorf.de\/index.php?rest_route=\/wp\/v2\/users\/1"}],"replies":[{"embeddable":true,"href":"https:\/\/blog.architekteninduesseldorf.de\/index.php?rest_route=%2Fwp%2Fv2%2Fcomments&post=506"}],"version-history":[{"count":2,"href":"https:\/\/blog.architekteninduesseldorf.de\/index.php?rest_route=\/wp\/v2\/posts\/506\/revisions"}],"predecessor-version":[{"id":620,"href":"https:\/\/blog.architekteninduesseldorf.de\/index.php?rest_route=\/wp\/v2\/posts\/506\/revisions\/620"}],"wp:attachment":[{"href":"https:\/\/blog.architekteninduesseldorf.de\/index.php?rest_route=%2Fwp%2Fv2%2Fmedia&parent=506"}],"wp:term":[{"taxonomy":"category","embeddable":true,"href":"https:\/\/blog.architekteninduesseldorf.de\/index.php?rest_route=%2Fwp%2Fv2%2Fcategories&post=506"},{"taxonomy":"post_tag","embeddable":true,"href":"https:\/\/blog.architekteninduesseldorf.de\/index.php?rest_route=%2Fwp%2Fv2%2Ftags&post=506"}],"curies":[{"name":"wp","href":"https:\/\/api.w.org\/{rel}","templated":true}]}}