{"id":317,"date":"2019-07-13T09:28:55","date_gmt":"2019-07-13T07:28:55","guid":{"rendered":"http:\/\/blog.architekteninduesseldorf.de\/?p=317"},"modified":"2019-08-19T07:48:00","modified_gmt":"2019-08-19T05:48:00","slug":"sanierung-und-erweiterung-in-koeln-brueck","status":"publish","type":"post","link":"https:\/\/blog.architekteninduesseldorf.de\/?p=317","title":{"rendered":"Sanierung und Erweiterung in K\u00f6ln -Br\u00fcck"},"content":{"rendered":"\n<figure class=\"wp-block-image\"><img loading=\"lazy\" decoding=\"async\" width=\"1024\" height=\"768\" src=\"https:\/\/blog.architekteninduesseldorf.de\/wp-content\/uploads\/2019\/07\/20190711_094817-1024x768.jpg\" alt=\"\" class=\"wp-image-316\" srcset=\"https:\/\/blog.architekteninduesseldorf.de\/wp-content\/uploads\/2019\/07\/20190711_094817-1024x768.jpg 1024w, https:\/\/blog.architekteninduesseldorf.de\/wp-content\/uploads\/2019\/07\/20190711_094817-300x225.jpg 300w, https:\/\/blog.architekteninduesseldorf.de\/wp-content\/uploads\/2019\/07\/20190711_094817-768x576.jpg 768w\" sizes=\"auto, (max-width: 1024px) 100vw, 1024px\" \/><\/figure>\n\n\n\n<p>Die Arbeiten in K\u00f6ln &#8211; Br\u00fcck schreiten vorran : Der Rohbau wurde abgeschlossen, da Dach gedeckt und die Fenster eingebaut. Der Innenausbau hat bereits begonnen.b<\/p>\n","protected":false},"excerpt":{"rendered":"<p>Die Arbeiten in K\u00f6ln &#8211; Br\u00fcck schreiten vorran : Der Rohbau wurde abgeschlossen, da Dach gedeckt und die Fenster eingebaut. Der Innenausbau hat bereits begonnen.b<\/p>\n","protected":false},"author":1,"featured_media":0,"comment_status":"closed","ping_status":"open","sticky":false,"template":"","format":"standard","meta":{"footnotes":""},"categories":[1],"tags":[47,5,24,41,16,34],"class_list":["post-317","post","type-post","status-publish","format-standard","hentry","category-uncategorized","tag-anbau","tag-einfamilienhaus-sanierung","tag-energetische-sanierung","tag-kernsanierung","tag-koeln","tag-kunststofffenster"],"yoast_head":"<!-- This site is optimized with the Yoast SEO plugin v26.1.1 - https:\/\/yoast.com\/wordpress\/plugins\/seo\/ -->\n<title>Sanierung und Erweiterung in K\u00f6ln -Br\u00fcck - NEWSBLOG<\/title>\n<meta name=\"robots\" content=\"index, follow, max-snippet:-1, max-image-preview:large, max-video-preview:-1\" \/>\n<link rel=\"canonical\" href=\"https:\/\/blog.architekteninduesseldorf.de\/?p=317\" \/>\n<meta property=\"og:locale\" content=\"de_DE\" \/>\n<meta property=\"og:type\" content=\"article\" \/>\n<meta property=\"og:title\" content=\"Sanierung und Erweiterung in K\u00f6ln -Br\u00fcck - NEWSBLOG\" \/>\n<meta property=\"og:description\" content=\"Die Arbeiten in K\u00f6ln &#8211; Br\u00fcck schreiten vorran : Der Rohbau wurde abgeschlossen, da Dach gedeckt und die Fenster eingebaut. Der Innenausbau hat bereits begonnen.b\" \/>\n<meta property=\"og:url\" content=\"https:\/\/blog.architekteninduesseldorf.de\/?p=317\" \/>\n<meta property=\"og:site_name\" content=\"NEWSBLOG\" \/>\n<meta property=\"article:published_time\" content=\"2019-07-13T07:28:55+00:00\" \/>\n<meta property=\"article:modified_time\" content=\"2019-08-19T05:48:00+00:00\" \/>\n<meta property=\"og:image\" content=\"http:\/\/blog.architekteninduesseldorf.de\/wp-content\/uploads\/2019\/07\/20190711_094817-1024x768.jpg\" \/>\n<meta name=\"author\" content=\"FCRMDR\" \/>\n<meta name=\"twitter:card\" content=\"summary_large_image\" \/>\n<meta name=\"twitter:label1\" content=\"Verfasst von\" \/>\n\t<meta name=\"twitter:data1\" content=\"FCRMDR\" \/>\n<script type=\"application\/ld+json\" class=\"yoast-schema-graph\">{\"@context\":\"https:\/\/schema.org\",\"@graph\":[{\"@type\":\"Article\",\"@id\":\"https:\/\/blog.architekteninduesseldorf.de\/?p=317#article\",\"isPartOf\":{\"@id\":\"https:\/\/blog.architekteninduesseldorf.de\/?p=317\"},\"author\":{\"name\":\"FCRMDR\",\"@id\":\"https:\/\/blog.architekteninduesseldorf.de\/#\/schema\/person\/d8ead14ad7429b3a0d1350f8029be56a\"},\"headline\":\"Sanierung und Erweiterung in K\u00f6ln -Br\u00fcck\",\"datePublished\":\"2019-07-13T07:28:55+00:00\",\"dateModified\":\"2019-08-19T05:48:00+00:00\",\"mainEntityOfPage\":{\"@id\":\"https:\/\/blog.architekteninduesseldorf.de\/?p=317\"},\"wordCount\":35,\"publisher\":{\"@id\":\"https:\/\/blog.architekteninduesseldorf.de\/#organization\"},\"image\":{\"@id\":\"https:\/\/blog.architekteninduesseldorf.de\/?p=317#primaryimage\"},\"thumbnailUrl\":\"http:\/\/blog.architekteninduesseldorf.de\/wp-content\/uploads\/2019\/07\/20190711_094817-1024x768.jpg\",\"keywords\":[\"Anbau\",\"Einfamilienhaus; Sanierung\",\"Energetische Sanierung\",\"Kernsanierung\",\"K\u00f6ln\",\"Kunststofffenster\"],\"articleSection\":[\"Uncategorized\"],\"inLanguage\":\"de\"},{\"@type\":\"WebPage\",\"@id\":\"https:\/\/blog.architekteninduesseldorf.de\/?p=317\",\"url\":\"https:\/\/blog.architekteninduesseldorf.de\/?p=317\",\"name\":\"Sanierung und Erweiterung in K\u00f6ln -Br\u00fcck - NEWSBLOG\",\"isPartOf\":{\"@id\":\"https:\/\/blog.architekteninduesseldorf.de\/#website\"},\"primaryImageOfPage\":{\"@id\":\"https:\/\/blog.architekteninduesseldorf.de\/?p=317#primaryimage\"},\"image\":{\"@id\":\"https:\/\/blog.architekteninduesseldorf.de\/?p=317#primaryimage\"},\"thumbnailUrl\":\"http:\/\/blog.architekteninduesseldorf.de\/wp-content\/uploads\/2019\/07\/20190711_094817-1024x768.jpg\",\"datePublished\":\"2019-07-13T07:28:55+00:00\",\"dateModified\":\"2019-08-19T05:48:00+00:00\",\"breadcrumb\":{\"@id\":\"https:\/\/blog.architekteninduesseldorf.de\/?p=317#breadcrumb\"},\"inLanguage\":\"de\",\"potentialAction\":[{\"@type\":\"ReadAction\",\"target\":[\"https:\/\/blog.architekteninduesseldorf.de\/?p=317\"]}]},{\"@type\":\"ImageObject\",\"inLanguage\":\"de\",\"@id\":\"https:\/\/blog.architekteninduesseldorf.de\/?p=317#primaryimage\",\"url\":\"https:\/\/blog.architekteninduesseldorf.de\/wp-content\/uploads\/2019\/07\/20190711_094817.jpg\",\"contentUrl\":\"https:\/\/blog.architekteninduesseldorf.de\/wp-content\/uploads\/2019\/07\/20190711_094817.jpg\",\"width\":4032,\"height\":3024},{\"@type\":\"BreadcrumbList\",\"@id\":\"https:\/\/blog.architekteninduesseldorf.de\/?p=317#breadcrumb\",\"itemListElement\":[{\"@type\":\"ListItem\",\"position\":1,\"name\":\"Startseite\",\"item\":\"https:\/\/blog.architekteninduesseldorf.de\/\"},{\"@type\":\"ListItem\",\"position\":2,\"name\":\"Sanierung und Erweiterung in K\u00f6ln -Br\u00fcck\"}]},{\"@type\":\"WebSite\",\"@id\":\"https:\/\/blog.architekteninduesseldorf.de\/#website\",\"url\":\"https:\/\/blog.architekteninduesseldorf.de\/\",\"name\":\"NEWSBLOG\",\"description\":\"Architekturb\u00fcro Rehberg + Milesevic\",\"publisher\":{\"@id\":\"https:\/\/blog.architekteninduesseldorf.de\/#organization\"},\"potentialAction\":[{\"@type\":\"SearchAction\",\"target\":{\"@type\":\"EntryPoint\",\"urlTemplate\":\"https:\/\/blog.architekteninduesseldorf.de\/?s={search_term_string}\"},\"query-input\":{\"@type\":\"PropertyValueSpecification\",\"valueRequired\":true,\"valueName\":\"search_term_string\"}}],\"inLanguage\":\"de\"},{\"@type\":\"Organization\",\"@id\":\"https:\/\/blog.architekteninduesseldorf.de\/#organization\",\"name\":\"Rehberg + Milesevic Architekten\",\"url\":\"https:\/\/blog.architekteninduesseldorf.de\/\",\"logo\":{\"@type\":\"ImageObject\",\"inLanguage\":\"de\",\"@id\":\"https:\/\/blog.architekteninduesseldorf.de\/#\/schema\/logo\/image\/\",\"url\":\"http:\/\/blog.architekteninduesseldorf.de\/wp-content\/uploads\/2019\/01\/180907-Bild3.jpg\",\"contentUrl\":\"http:\/\/blog.architekteninduesseldorf.de\/wp-content\/uploads\/2019\/01\/180907-Bild3.jpg\",\"width\":1024,\"height\":768,\"caption\":\"Rehberg + Milesevic Architekten\"},\"image\":{\"@id\":\"https:\/\/blog.architekteninduesseldorf.de\/#\/schema\/logo\/image\/\"}},{\"@type\":\"Person\",\"@id\":\"https:\/\/blog.architekteninduesseldorf.de\/#\/schema\/person\/d8ead14ad7429b3a0d1350f8029be56a\",\"name\":\"FCRMDR\"}]}<\/script>\n<!-- \/ Yoast SEO plugin. -->","yoast_head_json":{"title":"Sanierung und Erweiterung in K\u00f6ln -Br\u00fcck - NEWSBLOG","robots":{"index":"index","follow":"follow","max-snippet":"max-snippet:-1","max-image-preview":"max-image-preview:large","max-video-preview":"max-video-preview:-1"},"canonical":"https:\/\/blog.architekteninduesseldorf.de\/?p=317","og_locale":"de_DE","og_type":"article","og_title":"Sanierung und Erweiterung in K\u00f6ln -Br\u00fcck - NEWSBLOG","og_description":"Die Arbeiten in K\u00f6ln &#8211; Br\u00fcck schreiten vorran : Der Rohbau wurde abgeschlossen, da Dach gedeckt und die Fenster eingebaut. Der Innenausbau hat bereits begonnen.b","og_url":"https:\/\/blog.architekteninduesseldorf.de\/?p=317","og_site_name":"NEWSBLOG","article_published_time":"2019-07-13T07:28:55+00:00","article_modified_time":"2019-08-19T05:48:00+00:00","og_image":[{"url":"http:\/\/blog.architekteninduesseldorf.de\/wp-content\/uploads\/2019\/07\/20190711_094817-1024x768.jpg","type":"","width":"","height":""}],"author":"FCRMDR","twitter_card":"summary_large_image","twitter_misc":{"Verfasst von":"FCRMDR"},"schema":{"@context":"https:\/\/schema.org","@graph":[{"@type":"Article","@id":"https:\/\/blog.architekteninduesseldorf.de\/?p=317#article","isPartOf":{"@id":"https:\/\/blog.architekteninduesseldorf.de\/?p=317"},"author":{"name":"FCRMDR","@id":"https:\/\/blog.architekteninduesseldorf.de\/#\/schema\/person\/d8ead14ad7429b3a0d1350f8029be56a"},"headline":"Sanierung und Erweiterung in K\u00f6ln -Br\u00fcck","datePublished":"2019-07-13T07:28:55+00:00","dateModified":"2019-08-19T05:48:00+00:00","mainEntityOfPage":{"@id":"https:\/\/blog.architekteninduesseldorf.de\/?p=317"},"wordCount":35,"publisher":{"@id":"https:\/\/blog.architekteninduesseldorf.de\/#organization"},"image":{"@id":"https:\/\/blog.architekteninduesseldorf.de\/?p=317#primaryimage"},"thumbnailUrl":"http:\/\/blog.architekteninduesseldorf.de\/wp-content\/uploads\/2019\/07\/20190711_094817-1024x768.jpg","keywords":["Anbau","Einfamilienhaus; Sanierung","Energetische Sanierung","Kernsanierung","K\u00f6ln","Kunststofffenster"],"articleSection":["Uncategorized"],"inLanguage":"de"},{"@type":"WebPage","@id":"https:\/\/blog.architekteninduesseldorf.de\/?p=317","url":"https:\/\/blog.architekteninduesseldorf.de\/?p=317","name":"Sanierung und Erweiterung in K\u00f6ln -Br\u00fcck - NEWSBLOG","isPartOf":{"@id":"https:\/\/blog.architekteninduesseldorf.de\/#website"},"primaryImageOfPage":{"@id":"https:\/\/blog.architekteninduesseldorf.de\/?p=317#primaryimage"},"image":{"@id":"https:\/\/blog.architekteninduesseldorf.de\/?p=317#primaryimage"},"thumbnailUrl":"http:\/\/blog.architekteninduesseldorf.de\/wp-content\/uploads\/2019\/07\/20190711_094817-1024x768.jpg","datePublished":"2019-07-13T07:28:55+00:00","dateModified":"2019-08-19T05:48:00+00:00","breadcrumb":{"@id":"https:\/\/blog.architekteninduesseldorf.de\/?p=317#breadcrumb"},"inLanguage":"de","potentialAction":[{"@type":"ReadAction","target":["https:\/\/blog.architekteninduesseldorf.de\/?p=317"]}]},{"@type":"ImageObject","inLanguage":"de","@id":"https:\/\/blog.architekteninduesseldorf.de\/?p=317#primaryimage","url":"https:\/\/blog.architekteninduesseldorf.de\/wp-content\/uploads\/2019\/07\/20190711_094817.jpg","contentUrl":"https:\/\/blog.architekteninduesseldorf.de\/wp-content\/uploads\/2019\/07\/20190711_094817.jpg","width":4032,"height":3024},{"@type":"BreadcrumbList","@id":"https:\/\/blog.architekteninduesseldorf.de\/?p=317#breadcrumb","itemListElement":[{"@type":"ListItem","position":1,"name":"Startseite","item":"https:\/\/blog.architekteninduesseldorf.de\/"},{"@type":"ListItem","position":2,"name":"Sanierung und Erweiterung in K\u00f6ln -Br\u00fcck"}]},{"@type":"WebSite","@id":"https:\/\/blog.architekteninduesseldorf.de\/#website","url":"https:\/\/blog.architekteninduesseldorf.de\/","name":"NEWSBLOG","description":"Architekturb\u00fcro Rehberg + Milesevic","publisher":{"@id":"https:\/\/blog.architekteninduesseldorf.de\/#organization"},"potentialAction":[{"@type":"SearchAction","target":{"@type":"EntryPoint","urlTemplate":"https:\/\/blog.architekteninduesseldorf.de\/?s={search_term_string}"},"query-input":{"@type":"PropertyValueSpecification","valueRequired":true,"valueName":"search_term_string"}}],"inLanguage":"de"},{"@type":"Organization","@id":"https:\/\/blog.architekteninduesseldorf.de\/#organization","name":"Rehberg + Milesevic Architekten","url":"https:\/\/blog.architekteninduesseldorf.de\/","logo":{"@type":"ImageObject","inLanguage":"de","@id":"https:\/\/blog.architekteninduesseldorf.de\/#\/schema\/logo\/image\/","url":"http:\/\/blog.architekteninduesseldorf.de\/wp-content\/uploads\/2019\/01\/180907-Bild3.jpg","contentUrl":"http:\/\/blog.architekteninduesseldorf.de\/wp-content\/uploads\/2019\/01\/180907-Bild3.jpg","width":1024,"height":768,"caption":"Rehberg + Milesevic Architekten"},"image":{"@id":"https:\/\/blog.architekteninduesseldorf.de\/#\/schema\/logo\/image\/"}},{"@type":"Person","@id":"https:\/\/blog.architekteninduesseldorf.de\/#\/schema\/person\/d8ead14ad7429b3a0d1350f8029be56a","name":"FCRMDR"}]}},"_links":{"self":[{"href":"https:\/\/blog.architekteninduesseldorf.de\/index.php?rest_route=\/wp\/v2\/posts\/317","targetHints":{"allow":["GET"]}}],"collection":[{"href":"https:\/\/blog.architekteninduesseldorf.de\/index.php?rest_route=\/wp\/v2\/posts"}],"about":[{"href":"https:\/\/blog.architekteninduesseldorf.de\/index.php?rest_route=\/wp\/v2\/types\/post"}],"author":[{"embeddable":true,"href":"https:\/\/blog.architekteninduesseldorf.de\/index.php?rest_route=\/wp\/v2\/users\/1"}],"replies":[{"embeddable":true,"href":"https:\/\/blog.architekteninduesseldorf.de\/index.php?rest_route=%2Fwp%2Fv2%2Fcomments&post=317"}],"version-history":[{"count":2,"href":"https:\/\/blog.architekteninduesseldorf.de\/index.php?rest_route=\/wp\/v2\/posts\/317\/revisions"}],"predecessor-version":[{"id":320,"href":"https:\/\/blog.architekteninduesseldorf.de\/index.php?rest_route=\/wp\/v2\/posts\/317\/revisions\/320"}],"wp:attachment":[{"href":"https:\/\/blog.architekteninduesseldorf.de\/index.php?rest_route=%2Fwp%2Fv2%2Fmedia&parent=317"}],"wp:term":[{"taxonomy":"category","embeddable":true,"href":"https:\/\/blog.architekteninduesseldorf.de\/index.php?rest_route=%2Fwp%2Fv2%2Fcategories&post=317"},{"taxonomy":"post_tag","embeddable":true,"href":"https:\/\/blog.architekteninduesseldorf.de\/index.php?rest_route=%2Fwp%2Fv2%2Ftags&post=317"}],"curies":[{"name":"wp","href":"https:\/\/api.w.org\/{rel}","templated":true}]}}