{"id":295,"date":"2019-04-07T15:14:27","date_gmt":"2019-04-07T13:14:27","guid":{"rendered":"http:\/\/blog.architekteninduesseldorf.de\/?p=295"},"modified":"2019-04-07T15:14:27","modified_gmt":"2019-04-07T13:14:27","slug":"sanierung-und-anbau-in-koeln-brueck","status":"publish","type":"post","link":"https:\/\/blog.architekteninduesseldorf.de\/?p=295","title":{"rendered":"Sanierung und Anbau in K\u00f6ln-Br\u00fcck"},"content":{"rendered":"\n<figure class=\"wp-block-image\"><img loading=\"lazy\" decoding=\"async\" width=\"1024\" height=\"498\" src=\"https:\/\/blog.architekteninduesseldorf.de\/wp-content\/uploads\/2019\/04\/20190406_112152-1024x498.jpg\" alt=\"\" class=\"wp-image-294\" srcset=\"https:\/\/blog.architekteninduesseldorf.de\/wp-content\/uploads\/2019\/04\/20190406_112152-1024x498.jpg 1024w, https:\/\/blog.architekteninduesseldorf.de\/wp-content\/uploads\/2019\/04\/20190406_112152-300x146.jpg 300w, https:\/\/blog.architekteninduesseldorf.de\/wp-content\/uploads\/2019\/04\/20190406_112152-768x373.jpg 768w\" sizes=\"auto, (max-width: 1024px) 100vw, 1024px\" \/><\/figure>\n\n\n\n<p class=\"wp-block-paragraph\">Diese Doppelhaush\u00e4lfre in K\u00f6ln-Br\u00fcck wird insgesamt kernsaniert und durch einen Anbau erweitert. Der Innenausbau und die gesamte Haustechnik werden vollst\u00e4ndig erneuet, Gauben erg\u00e4nzt und das Dach neu gedeckt. Die Arbeiten haben Anfang April begonnen.<\/p>\n","protected":false},"excerpt":{"rendered":"<p>Diese Doppelhaush\u00e4lfre in K\u00f6ln-Br\u00fcck wird insgesamt kernsaniert und durch einen Anbau erweitert. Der Innenausbau und die gesamte Haustechnik werden vollst\u00e4ndig erneuet, Gauben erg\u00e4nzt und das Dach neu gedeckt. Die Arbeiten haben Anfang April begonnen.<\/p>\n","protected":false},"author":1,"featured_media":0,"comment_status":"closed","ping_status":"open","sticky":false,"template":"","format":"standard","meta":{"footnotes":""},"categories":[1],"tags":[],"class_list":["post-295","post","type-post","status-publish","format-standard","hentry","category-uncategorized"],"yoast_head":"<!-- This site is optimized with the Yoast SEO plugin v28.4 - https:\/\/yoast.com\/product\/yoast-seo-wordpress\/ -->\n<title>Sanierung und Anbau in K\u00f6ln-Br\u00fcck - NEWSBLOG<\/title>\n<meta name=\"robots\" content=\"index, follow, max-snippet:-1, max-image-preview:large, max-video-preview:-1\" \/>\n<link rel=\"canonical\" href=\"https:\/\/blog.architekteninduesseldorf.de\/?p=295\" \/>\n<meta property=\"og:locale\" content=\"de_DE\" \/>\n<meta property=\"og:type\" content=\"article\" \/>\n<meta property=\"og:title\" content=\"Sanierung und Anbau in K\u00f6ln-Br\u00fcck - NEWSBLOG\" \/>\n<meta property=\"og:description\" content=\"Diese Doppelhaush\u00e4lfre in K\u00f6ln-Br\u00fcck wird insgesamt kernsaniert und durch einen Anbau erweitert. Der Innenausbau und die gesamte Haustechnik werden vollst\u00e4ndig erneuet, Gauben erg\u00e4nzt und das Dach neu gedeckt. Die Arbeiten haben Anfang April begonnen.\" \/>\n<meta property=\"og:url\" content=\"https:\/\/blog.architekteninduesseldorf.de\/?p=295\" \/>\n<meta property=\"og:site_name\" content=\"NEWSBLOG\" \/>\n<meta property=\"article:published_time\" content=\"2019-04-07T13:14:27+00:00\" \/>\n<meta property=\"og:image\" content=\"http:\/\/blog.architekteninduesseldorf.de\/wp-content\/uploads\/2019\/04\/20190406_112152-1024x498.jpg\" \/>\n<meta name=\"author\" content=\"Rehberg + Milesevic Architekten\" \/>\n<meta name=\"twitter:card\" content=\"summary_large_image\" \/>\n<meta name=\"twitter:label1\" content=\"Verfasst von\" \/>\n\t<meta name=\"twitter:data1\" content=\"Rehberg + Milesevic Architekten\" \/>\n<script type=\"application\/ld+json\" class=\"yoast-schema-graph\">{\"@context\":\"https:\\\/\\\/schema.org\",\"@graph\":[{\"@type\":\"Article\",\"@id\":\"https:\\\/\\\/blog.architekteninduesseldorf.de\\\/?p=295#article\",\"isPartOf\":{\"@id\":\"https:\\\/\\\/blog.architekteninduesseldorf.de\\\/?p=295\"},\"author\":{\"name\":\"Rehberg + Milesevic Architekten\",\"@id\":\"https:\\\/\\\/blog.architekteninduesseldorf.de\\\/#\\\/schema\\\/person\\\/d8ead14ad7429b3a0d1350f8029be56a\"},\"headline\":\"Sanierung und Anbau in K\u00f6ln-Br\u00fcck\",\"datePublished\":\"2019-04-07T13:14:27+00:00\",\"mainEntityOfPage\":{\"@id\":\"https:\\\/\\\/blog.architekteninduesseldorf.de\\\/?p=295\"},\"wordCount\":46,\"publisher\":{\"@id\":\"https:\\\/\\\/blog.architekteninduesseldorf.de\\\/#organization\"},\"image\":{\"@id\":\"https:\\\/\\\/blog.architekteninduesseldorf.de\\\/?p=295#primaryimage\"},\"thumbnailUrl\":\"http:\\\/\\\/blog.architekteninduesseldorf.de\\\/wp-content\\\/uploads\\\/2019\\\/04\\\/20190406_112152-1024x498.jpg\",\"articleSection\":[\"Uncategorized\"],\"inLanguage\":\"de\"},{\"@type\":\"WebPage\",\"@id\":\"https:\\\/\\\/blog.architekteninduesseldorf.de\\\/?p=295\",\"url\":\"https:\\\/\\\/blog.architekteninduesseldorf.de\\\/?p=295\",\"name\":\"Sanierung und Anbau in K\u00f6ln-Br\u00fcck - NEWSBLOG\",\"isPartOf\":{\"@id\":\"https:\\\/\\\/blog.architekteninduesseldorf.de\\\/#website\"},\"primaryImageOfPage\":{\"@id\":\"https:\\\/\\\/blog.architekteninduesseldorf.de\\\/?p=295#primaryimage\"},\"image\":{\"@id\":\"https:\\\/\\\/blog.architekteninduesseldorf.de\\\/?p=295#primaryimage\"},\"thumbnailUrl\":\"http:\\\/\\\/blog.architekteninduesseldorf.de\\\/wp-content\\\/uploads\\\/2019\\\/04\\\/20190406_112152-1024x498.jpg\",\"datePublished\":\"2019-04-07T13:14:27+00:00\",\"breadcrumb\":{\"@id\":\"https:\\\/\\\/blog.architekteninduesseldorf.de\\\/?p=295#breadcrumb\"},\"inLanguage\":\"de\",\"potentialAction\":[{\"@type\":\"ReadAction\",\"target\":[\"https:\\\/\\\/blog.architekteninduesseldorf.de\\\/?p=295\"]}]},{\"@type\":\"ImageObject\",\"inLanguage\":\"de\",\"@id\":\"https:\\\/\\\/blog.architekteninduesseldorf.de\\\/?p=295#primaryimage\",\"url\":\"https:\\\/\\\/blog.architekteninduesseldorf.de\\\/wp-content\\\/uploads\\\/2019\\\/04\\\/20190406_112152.jpg\",\"contentUrl\":\"https:\\\/\\\/blog.architekteninduesseldorf.de\\\/wp-content\\\/uploads\\\/2019\\\/04\\\/20190406_112152.jpg\",\"width\":4032,\"height\":1960},{\"@type\":\"BreadcrumbList\",\"@id\":\"https:\\\/\\\/blog.architekteninduesseldorf.de\\\/?p=295#breadcrumb\",\"itemListElement\":[{\"@type\":\"ListItem\",\"position\":1,\"name\":\"Startseite\",\"item\":\"https:\\\/\\\/blog.architekteninduesseldorf.de\\\/\"},{\"@type\":\"ListItem\",\"position\":2,\"name\":\"Sanierung und Anbau in K\u00f6ln-Br\u00fcck\"}]},{\"@type\":\"WebSite\",\"@id\":\"https:\\\/\\\/blog.architekteninduesseldorf.de\\\/#website\",\"url\":\"https:\\\/\\\/blog.architekteninduesseldorf.de\\\/\",\"name\":\"NEWSBLOG\",\"description\":\"Architekturb\u00fcro Rehberg + Milesevic\",\"publisher\":{\"@id\":\"https:\\\/\\\/blog.architekteninduesseldorf.de\\\/#organization\"},\"potentialAction\":[{\"@type\":\"SearchAction\",\"target\":{\"@type\":\"EntryPoint\",\"urlTemplate\":\"https:\\\/\\\/blog.architekteninduesseldorf.de\\\/?s={search_term_string}\"},\"query-input\":{\"@type\":\"PropertyValueSpecification\",\"valueRequired\":true,\"valueName\":\"search_term_string\"}}],\"inLanguage\":\"de\"},{\"@type\":\"Organization\",\"@id\":\"https:\\\/\\\/blog.architekteninduesseldorf.de\\\/#organization\",\"name\":\"Rehberg + Milesevic Architekten\",\"url\":\"https:\\\/\\\/blog.architekteninduesseldorf.de\\\/\",\"logo\":{\"@type\":\"ImageObject\",\"inLanguage\":\"de\",\"@id\":\"https:\\\/\\\/blog.architekteninduesseldorf.de\\\/#\\\/schema\\\/logo\\\/image\\\/\",\"url\":\"http:\\\/\\\/blog.architekteninduesseldorf.de\\\/wp-content\\\/uploads\\\/2019\\\/01\\\/180907-Bild3.jpg\",\"contentUrl\":\"http:\\\/\\\/blog.architekteninduesseldorf.de\\\/wp-content\\\/uploads\\\/2019\\\/01\\\/180907-Bild3.jpg\",\"width\":1024,\"height\":768,\"caption\":\"Rehberg + Milesevic Architekten\"},\"image\":{\"@id\":\"https:\\\/\\\/blog.architekteninduesseldorf.de\\\/#\\\/schema\\\/logo\\\/image\\\/\"}},{\"@type\":\"Person\",\"@id\":\"https:\\\/\\\/blog.architekteninduesseldorf.de\\\/#\\\/schema\\\/person\\\/d8ead14ad7429b3a0d1350f8029be56a\",\"name\":\"Rehberg + Milesevic Architekten\"}]}<\/script>\n<!-- \/ Yoast SEO plugin. -->","yoast_head_json":{"title":"Sanierung und Anbau in K\u00f6ln-Br\u00fcck - NEWSBLOG","robots":{"index":"index","follow":"follow","max-snippet":"max-snippet:-1","max-image-preview":"max-image-preview:large","max-video-preview":"max-video-preview:-1"},"canonical":"https:\/\/blog.architekteninduesseldorf.de\/?p=295","og_locale":"de_DE","og_type":"article","og_title":"Sanierung und Anbau in K\u00f6ln-Br\u00fcck - NEWSBLOG","og_description":"Diese Doppelhaush\u00e4lfre in K\u00f6ln-Br\u00fcck wird insgesamt kernsaniert und durch einen Anbau erweitert. Der Innenausbau und die gesamte Haustechnik werden vollst\u00e4ndig erneuet, Gauben erg\u00e4nzt und das Dach neu gedeckt. Die Arbeiten haben Anfang April begonnen.","og_url":"https:\/\/blog.architekteninduesseldorf.de\/?p=295","og_site_name":"NEWSBLOG","article_published_time":"2019-04-07T13:14:27+00:00","og_image":[{"url":"http:\/\/blog.architekteninduesseldorf.de\/wp-content\/uploads\/2019\/04\/20190406_112152-1024x498.jpg","type":"","width":"","height":""}],"author":"Rehberg + Milesevic Architekten","twitter_card":"summary_large_image","twitter_misc":{"Verfasst von":"Rehberg + Milesevic Architekten"},"schema":{"@context":"https:\/\/schema.org","@graph":[{"@type":"Article","@id":"https:\/\/blog.architekteninduesseldorf.de\/?p=295#article","isPartOf":{"@id":"https:\/\/blog.architekteninduesseldorf.de\/?p=295"},"author":{"name":"Rehberg + Milesevic Architekten","@id":"https:\/\/blog.architekteninduesseldorf.de\/#\/schema\/person\/d8ead14ad7429b3a0d1350f8029be56a"},"headline":"Sanierung und Anbau in K\u00f6ln-Br\u00fcck","datePublished":"2019-04-07T13:14:27+00:00","mainEntityOfPage":{"@id":"https:\/\/blog.architekteninduesseldorf.de\/?p=295"},"wordCount":46,"publisher":{"@id":"https:\/\/blog.architekteninduesseldorf.de\/#organization"},"image":{"@id":"https:\/\/blog.architekteninduesseldorf.de\/?p=295#primaryimage"},"thumbnailUrl":"http:\/\/blog.architekteninduesseldorf.de\/wp-content\/uploads\/2019\/04\/20190406_112152-1024x498.jpg","articleSection":["Uncategorized"],"inLanguage":"de"},{"@type":"WebPage","@id":"https:\/\/blog.architekteninduesseldorf.de\/?p=295","url":"https:\/\/blog.architekteninduesseldorf.de\/?p=295","name":"Sanierung und Anbau in K\u00f6ln-Br\u00fcck - NEWSBLOG","isPartOf":{"@id":"https:\/\/blog.architekteninduesseldorf.de\/#website"},"primaryImageOfPage":{"@id":"https:\/\/blog.architekteninduesseldorf.de\/?p=295#primaryimage"},"image":{"@id":"https:\/\/blog.architekteninduesseldorf.de\/?p=295#primaryimage"},"thumbnailUrl":"http:\/\/blog.architekteninduesseldorf.de\/wp-content\/uploads\/2019\/04\/20190406_112152-1024x498.jpg","datePublished":"2019-04-07T13:14:27+00:00","breadcrumb":{"@id":"https:\/\/blog.architekteninduesseldorf.de\/?p=295#breadcrumb"},"inLanguage":"de","potentialAction":[{"@type":"ReadAction","target":["https:\/\/blog.architekteninduesseldorf.de\/?p=295"]}]},{"@type":"ImageObject","inLanguage":"de","@id":"https:\/\/blog.architekteninduesseldorf.de\/?p=295#primaryimage","url":"https:\/\/blog.architekteninduesseldorf.de\/wp-content\/uploads\/2019\/04\/20190406_112152.jpg","contentUrl":"https:\/\/blog.architekteninduesseldorf.de\/wp-content\/uploads\/2019\/04\/20190406_112152.jpg","width":4032,"height":1960},{"@type":"BreadcrumbList","@id":"https:\/\/blog.architekteninduesseldorf.de\/?p=295#breadcrumb","itemListElement":[{"@type":"ListItem","position":1,"name":"Startseite","item":"https:\/\/blog.architekteninduesseldorf.de\/"},{"@type":"ListItem","position":2,"name":"Sanierung und Anbau in K\u00f6ln-Br\u00fcck"}]},{"@type":"WebSite","@id":"https:\/\/blog.architekteninduesseldorf.de\/#website","url":"https:\/\/blog.architekteninduesseldorf.de\/","name":"NEWSBLOG","description":"Architekturb\u00fcro Rehberg + Milesevic","publisher":{"@id":"https:\/\/blog.architekteninduesseldorf.de\/#organization"},"potentialAction":[{"@type":"SearchAction","target":{"@type":"EntryPoint","urlTemplate":"https:\/\/blog.architekteninduesseldorf.de\/?s={search_term_string}"},"query-input":{"@type":"PropertyValueSpecification","valueRequired":true,"valueName":"search_term_string"}}],"inLanguage":"de"},{"@type":"Organization","@id":"https:\/\/blog.architekteninduesseldorf.de\/#organization","name":"Rehberg + Milesevic Architekten","url":"https:\/\/blog.architekteninduesseldorf.de\/","logo":{"@type":"ImageObject","inLanguage":"de","@id":"https:\/\/blog.architekteninduesseldorf.de\/#\/schema\/logo\/image\/","url":"http:\/\/blog.architekteninduesseldorf.de\/wp-content\/uploads\/2019\/01\/180907-Bild3.jpg","contentUrl":"http:\/\/blog.architekteninduesseldorf.de\/wp-content\/uploads\/2019\/01\/180907-Bild3.jpg","width":1024,"height":768,"caption":"Rehberg + Milesevic Architekten"},"image":{"@id":"https:\/\/blog.architekteninduesseldorf.de\/#\/schema\/logo\/image\/"}},{"@type":"Person","@id":"https:\/\/blog.architekteninduesseldorf.de\/#\/schema\/person\/d8ead14ad7429b3a0d1350f8029be56a","name":"Rehberg + Milesevic Architekten"}]}},"_links":{"self":[{"href":"https:\/\/blog.architekteninduesseldorf.de\/index.php?rest_route=\/wp\/v2\/posts\/295","targetHints":{"allow":["GET"]}}],"collection":[{"href":"https:\/\/blog.architekteninduesseldorf.de\/index.php?rest_route=\/wp\/v2\/posts"}],"about":[{"href":"https:\/\/blog.architekteninduesseldorf.de\/index.php?rest_route=\/wp\/v2\/types\/post"}],"author":[{"embeddable":true,"href":"https:\/\/blog.architekteninduesseldorf.de\/index.php?rest_route=\/wp\/v2\/users\/1"}],"replies":[{"embeddable":true,"href":"https:\/\/blog.architekteninduesseldorf.de\/index.php?rest_route=%2Fwp%2Fv2%2Fcomments&post=295"}],"version-history":[{"count":1,"href":"https:\/\/blog.architekteninduesseldorf.de\/index.php?rest_route=\/wp\/v2\/posts\/295\/revisions"}],"predecessor-version":[{"id":296,"href":"https:\/\/blog.architekteninduesseldorf.de\/index.php?rest_route=\/wp\/v2\/posts\/295\/revisions\/296"}],"wp:attachment":[{"href":"https:\/\/blog.architekteninduesseldorf.de\/index.php?rest_route=%2Fwp%2Fv2%2Fmedia&parent=295"}],"wp:term":[{"taxonomy":"category","embeddable":true,"href":"https:\/\/blog.architekteninduesseldorf.de\/index.php?rest_route=%2Fwp%2Fv2%2Fcategories&post=295"},{"taxonomy":"post_tag","embeddable":true,"href":"https:\/\/blog.architekteninduesseldorf.de\/index.php?rest_route=%2Fwp%2Fv2%2Ftags&post=295"}],"curies":[{"name":"wp","href":"https:\/\/api.w.org\/{rel}","templated":true}]}}