{"id":281,"date":"2019-01-27T20:18:34","date_gmt":"2019-01-27T19:18:34","guid":{"rendered":"http:\/\/blog.architekteninduesseldorf.de\/?p=281"},"modified":"2019-01-27T20:25:59","modified_gmt":"2019-01-27T19:25:59","slug":"sanierung-im-duesseldorfer-norden","status":"publish","type":"post","link":"https:\/\/blog.architekteninduesseldorf.de\/?p=281","title":{"rendered":"Sanierung im D\u00fcsseldorfer Norden"},"content":{"rendered":"\n<figure class=\"wp-block-image\"><img loading=\"lazy\" decoding=\"async\" width=\"754\" height=\"1024\" src=\"https:\/\/blog.architekteninduesseldorf.de\/wp-content\/uploads\/2019\/01\/20181207_214430-754x1024.jpg\" alt=\"\" class=\"wp-image-263\" srcset=\"https:\/\/blog.architekteninduesseldorf.de\/wp-content\/uploads\/2019\/01\/20181207_214430-754x1024.jpg 754w, https:\/\/blog.architekteninduesseldorf.de\/wp-content\/uploads\/2019\/01\/20181207_214430-221x300.jpg 221w, https:\/\/blog.architekteninduesseldorf.de\/wp-content\/uploads\/2019\/01\/20181207_214430-768x1043.jpg 768w, https:\/\/blog.architekteninduesseldorf.de\/wp-content\/uploads\/2019\/01\/20181207_214430.jpg 1079w\" sizes=\"auto, (max-width: 754px) 100vw, 754px\" \/><\/figure>\n\n\n\n<figure class=\"wp-block-image\"><img loading=\"lazy\" decoding=\"async\" width=\"577\" height=\"1024\" src=\"https:\/\/blog.architekteninduesseldorf.de\/wp-content\/uploads\/2019\/01\/WP_20180912_09_32_28_Pro-577x1024.jpg\" alt=\"\" class=\"wp-image-270\" srcset=\"https:\/\/blog.architekteninduesseldorf.de\/wp-content\/uploads\/2019\/01\/WP_20180912_09_32_28_Pro-577x1024.jpg 577w, https:\/\/blog.architekteninduesseldorf.de\/wp-content\/uploads\/2019\/01\/WP_20180912_09_32_28_Pro-169x300.jpg 169w, https:\/\/blog.architekteninduesseldorf.de\/wp-content\/uploads\/2019\/01\/WP_20180912_09_32_28_Pro-768x1363.jpg 768w, https:\/\/blog.architekteninduesseldorf.de\/wp-content\/uploads\/2019\/01\/WP_20180912_09_32_28_Pro.jpg 1081w\" sizes=\"auto, (max-width: 577px) 100vw, 577px\" \/><\/figure>\n\n\n\n<p class=\"wp-block-paragraph\">Dieses Einfamilienhaus wurde insgesamt bis auf die Grundmauern zur\u00fcckgebaut. Neue Decken wurden eingezogen und eine gro\u00dfe Gaube errichtet. Der gesamte Innenausbau und alle Installationen werden erneuert. Die Fertigstellung ist f\u00fcr Fr\u00fchjahr 2019 vorgesehen.<\/p>\n","protected":false},"excerpt":{"rendered":"<p>Dieses Einfamilienhaus wurde insgesamt bis auf die Grundmauern zur\u00fcckgebaut. Neue Decken wurden eingezogen und eine gro\u00dfe Gaube errichtet. Der gesamte Innenausbau und alle Installationen werden erneuert. Die Fertigstellung ist f\u00fcr Fr\u00fchjahr 2019 vorgesehen.<\/p>\n","protected":false},"author":1,"featured_media":0,"comment_status":"closed","ping_status":"open","sticky":false,"template":"","format":"standard","meta":{"footnotes":""},"categories":[1],"tags":[11,6,24,41],"class_list":["post-281","post","type-post","status-publish","format-standard","hentry","category-uncategorized","tag-duesseldorf","tag-einfamilienhaus","tag-energetische-sanierung","tag-kernsanierung"],"yoast_head":"<!-- This site is optimized with the Yoast SEO plugin v28.4 - https:\/\/yoast.com\/product\/yoast-seo-wordpress\/ -->\n<title>Sanierung im D\u00fcsseldorfer Norden - NEWSBLOG<\/title>\n<meta name=\"robots\" content=\"index, follow, max-snippet:-1, max-image-preview:large, max-video-preview:-1\" \/>\n<link rel=\"canonical\" href=\"https:\/\/blog.architekteninduesseldorf.de\/?p=281\" \/>\n<meta property=\"og:locale\" content=\"de_DE\" \/>\n<meta property=\"og:type\" content=\"article\" \/>\n<meta property=\"og:title\" content=\"Sanierung im D\u00fcsseldorfer Norden - NEWSBLOG\" \/>\n<meta property=\"og:description\" content=\"Dieses Einfamilienhaus wurde insgesamt bis auf die Grundmauern zur\u00fcckgebaut. Neue Decken wurden eingezogen und eine gro\u00dfe Gaube errichtet. Der gesamte Innenausbau und alle Installationen werden erneuert. Die Fertigstellung ist f\u00fcr Fr\u00fchjahr 2019 vorgesehen.\" \/>\n<meta property=\"og:url\" content=\"https:\/\/blog.architekteninduesseldorf.de\/?p=281\" \/>\n<meta property=\"og:site_name\" content=\"NEWSBLOG\" \/>\n<meta property=\"article:published_time\" content=\"2019-01-27T19:18:34+00:00\" \/>\n<meta property=\"article:modified_time\" content=\"2019-01-27T19:25:59+00:00\" \/>\n<meta property=\"og:image\" content=\"http:\/\/blog.architekteninduesseldorf.de\/wp-content\/uploads\/2019\/01\/20181207_214430-754x1024.jpg\" \/>\n<meta name=\"author\" content=\"Rehberg + Milesevic Architekten\" \/>\n<meta name=\"twitter:card\" content=\"summary_large_image\" \/>\n<meta name=\"twitter:label1\" content=\"Verfasst von\" \/>\n\t<meta name=\"twitter:data1\" content=\"Rehberg + Milesevic Architekten\" \/>\n<script type=\"application\/ld+json\" class=\"yoast-schema-graph\">{\"@context\":\"https:\\\/\\\/schema.org\",\"@graph\":[{\"@type\":\"Article\",\"@id\":\"https:\\\/\\\/blog.architekteninduesseldorf.de\\\/?p=281#article\",\"isPartOf\":{\"@id\":\"https:\\\/\\\/blog.architekteninduesseldorf.de\\\/?p=281\"},\"author\":{\"name\":\"Rehberg + Milesevic Architekten\",\"@id\":\"https:\\\/\\\/blog.architekteninduesseldorf.de\\\/#\\\/schema\\\/person\\\/d8ead14ad7429b3a0d1350f8029be56a\"},\"headline\":\"Sanierung im D\u00fcsseldorfer Norden\",\"datePublished\":\"2019-01-27T19:18:34+00:00\",\"dateModified\":\"2019-01-27T19:25:59+00:00\",\"mainEntityOfPage\":{\"@id\":\"https:\\\/\\\/blog.architekteninduesseldorf.de\\\/?p=281\"},\"wordCount\":41,\"publisher\":{\"@id\":\"https:\\\/\\\/blog.architekteninduesseldorf.de\\\/#organization\"},\"image\":{\"@id\":\"https:\\\/\\\/blog.architekteninduesseldorf.de\\\/?p=281#primaryimage\"},\"thumbnailUrl\":\"http:\\\/\\\/blog.architekteninduesseldorf.de\\\/wp-content\\\/uploads\\\/2019\\\/01\\\/20181207_214430-754x1024.jpg\",\"keywords\":[\"D\u00fcsseldorf\",\"Einfamilienhaus\",\"Energetische Sanierung\",\"Kernsanierung\"],\"articleSection\":[\"Uncategorized\"],\"inLanguage\":\"de\"},{\"@type\":\"WebPage\",\"@id\":\"https:\\\/\\\/blog.architekteninduesseldorf.de\\\/?p=281\",\"url\":\"https:\\\/\\\/blog.architekteninduesseldorf.de\\\/?p=281\",\"name\":\"Sanierung im D\u00fcsseldorfer Norden - NEWSBLOG\",\"isPartOf\":{\"@id\":\"https:\\\/\\\/blog.architekteninduesseldorf.de\\\/#website\"},\"primaryImageOfPage\":{\"@id\":\"https:\\\/\\\/blog.architekteninduesseldorf.de\\\/?p=281#primaryimage\"},\"image\":{\"@id\":\"https:\\\/\\\/blog.architekteninduesseldorf.de\\\/?p=281#primaryimage\"},\"thumbnailUrl\":\"http:\\\/\\\/blog.architekteninduesseldorf.de\\\/wp-content\\\/uploads\\\/2019\\\/01\\\/20181207_214430-754x1024.jpg\",\"datePublished\":\"2019-01-27T19:18:34+00:00\",\"dateModified\":\"2019-01-27T19:25:59+00:00\",\"breadcrumb\":{\"@id\":\"https:\\\/\\\/blog.architekteninduesseldorf.de\\\/?p=281#breadcrumb\"},\"inLanguage\":\"de\",\"potentialAction\":[{\"@type\":\"ReadAction\",\"target\":[\"https:\\\/\\\/blog.architekteninduesseldorf.de\\\/?p=281\"]}]},{\"@type\":\"ImageObject\",\"inLanguage\":\"de\",\"@id\":\"https:\\\/\\\/blog.architekteninduesseldorf.de\\\/?p=281#primaryimage\",\"url\":\"https:\\\/\\\/blog.architekteninduesseldorf.de\\\/wp-content\\\/uploads\\\/2019\\\/01\\\/20181207_214430.jpg\",\"contentUrl\":\"https:\\\/\\\/blog.architekteninduesseldorf.de\\\/wp-content\\\/uploads\\\/2019\\\/01\\\/20181207_214430.jpg\",\"width\":1079,\"height\":1465},{\"@type\":\"BreadcrumbList\",\"@id\":\"https:\\\/\\\/blog.architekteninduesseldorf.de\\\/?p=281#breadcrumb\",\"itemListElement\":[{\"@type\":\"ListItem\",\"position\":1,\"name\":\"Startseite\",\"item\":\"https:\\\/\\\/blog.architekteninduesseldorf.de\\\/\"},{\"@type\":\"ListItem\",\"position\":2,\"name\":\"Sanierung im D\u00fcsseldorfer Norden\"}]},{\"@type\":\"WebSite\",\"@id\":\"https:\\\/\\\/blog.architekteninduesseldorf.de\\\/#website\",\"url\":\"https:\\\/\\\/blog.architekteninduesseldorf.de\\\/\",\"name\":\"NEWSBLOG\",\"description\":\"Architekturb\u00fcro Rehberg + Milesevic\",\"publisher\":{\"@id\":\"https:\\\/\\\/blog.architekteninduesseldorf.de\\\/#organization\"},\"potentialAction\":[{\"@type\":\"SearchAction\",\"target\":{\"@type\":\"EntryPoint\",\"urlTemplate\":\"https:\\\/\\\/blog.architekteninduesseldorf.de\\\/?s={search_term_string}\"},\"query-input\":{\"@type\":\"PropertyValueSpecification\",\"valueRequired\":true,\"valueName\":\"search_term_string\"}}],\"inLanguage\":\"de\"},{\"@type\":\"Organization\",\"@id\":\"https:\\\/\\\/blog.architekteninduesseldorf.de\\\/#organization\",\"name\":\"Rehberg + Milesevic Architekten\",\"url\":\"https:\\\/\\\/blog.architekteninduesseldorf.de\\\/\",\"logo\":{\"@type\":\"ImageObject\",\"inLanguage\":\"de\",\"@id\":\"https:\\\/\\\/blog.architekteninduesseldorf.de\\\/#\\\/schema\\\/logo\\\/image\\\/\",\"url\":\"http:\\\/\\\/blog.architekteninduesseldorf.de\\\/wp-content\\\/uploads\\\/2019\\\/01\\\/180907-Bild3.jpg\",\"contentUrl\":\"http:\\\/\\\/blog.architekteninduesseldorf.de\\\/wp-content\\\/uploads\\\/2019\\\/01\\\/180907-Bild3.jpg\",\"width\":1024,\"height\":768,\"caption\":\"Rehberg + Milesevic Architekten\"},\"image\":{\"@id\":\"https:\\\/\\\/blog.architekteninduesseldorf.de\\\/#\\\/schema\\\/logo\\\/image\\\/\"}},{\"@type\":\"Person\",\"@id\":\"https:\\\/\\\/blog.architekteninduesseldorf.de\\\/#\\\/schema\\\/person\\\/d8ead14ad7429b3a0d1350f8029be56a\",\"name\":\"Rehberg + Milesevic Architekten\"}]}<\/script>\n<!-- \/ Yoast SEO plugin. -->","yoast_head_json":{"title":"Sanierung im D\u00fcsseldorfer Norden - NEWSBLOG","robots":{"index":"index","follow":"follow","max-snippet":"max-snippet:-1","max-image-preview":"max-image-preview:large","max-video-preview":"max-video-preview:-1"},"canonical":"https:\/\/blog.architekteninduesseldorf.de\/?p=281","og_locale":"de_DE","og_type":"article","og_title":"Sanierung im D\u00fcsseldorfer Norden - NEWSBLOG","og_description":"Dieses Einfamilienhaus wurde insgesamt bis auf die Grundmauern zur\u00fcckgebaut. Neue Decken wurden eingezogen und eine gro\u00dfe Gaube errichtet. Der gesamte Innenausbau und alle Installationen werden erneuert. Die Fertigstellung ist f\u00fcr Fr\u00fchjahr 2019 vorgesehen.","og_url":"https:\/\/blog.architekteninduesseldorf.de\/?p=281","og_site_name":"NEWSBLOG","article_published_time":"2019-01-27T19:18:34+00:00","article_modified_time":"2019-01-27T19:25:59+00:00","og_image":[{"url":"http:\/\/blog.architekteninduesseldorf.de\/wp-content\/uploads\/2019\/01\/20181207_214430-754x1024.jpg","type":"","width":"","height":""}],"author":"Rehberg + Milesevic Architekten","twitter_card":"summary_large_image","twitter_misc":{"Verfasst von":"Rehberg + Milesevic Architekten"},"schema":{"@context":"https:\/\/schema.org","@graph":[{"@type":"Article","@id":"https:\/\/blog.architekteninduesseldorf.de\/?p=281#article","isPartOf":{"@id":"https:\/\/blog.architekteninduesseldorf.de\/?p=281"},"author":{"name":"Rehberg + Milesevic Architekten","@id":"https:\/\/blog.architekteninduesseldorf.de\/#\/schema\/person\/d8ead14ad7429b3a0d1350f8029be56a"},"headline":"Sanierung im D\u00fcsseldorfer Norden","datePublished":"2019-01-27T19:18:34+00:00","dateModified":"2019-01-27T19:25:59+00:00","mainEntityOfPage":{"@id":"https:\/\/blog.architekteninduesseldorf.de\/?p=281"},"wordCount":41,"publisher":{"@id":"https:\/\/blog.architekteninduesseldorf.de\/#organization"},"image":{"@id":"https:\/\/blog.architekteninduesseldorf.de\/?p=281#primaryimage"},"thumbnailUrl":"http:\/\/blog.architekteninduesseldorf.de\/wp-content\/uploads\/2019\/01\/20181207_214430-754x1024.jpg","keywords":["D\u00fcsseldorf","Einfamilienhaus","Energetische Sanierung","Kernsanierung"],"articleSection":["Uncategorized"],"inLanguage":"de"},{"@type":"WebPage","@id":"https:\/\/blog.architekteninduesseldorf.de\/?p=281","url":"https:\/\/blog.architekteninduesseldorf.de\/?p=281","name":"Sanierung im D\u00fcsseldorfer Norden - NEWSBLOG","isPartOf":{"@id":"https:\/\/blog.architekteninduesseldorf.de\/#website"},"primaryImageOfPage":{"@id":"https:\/\/blog.architekteninduesseldorf.de\/?p=281#primaryimage"},"image":{"@id":"https:\/\/blog.architekteninduesseldorf.de\/?p=281#primaryimage"},"thumbnailUrl":"http:\/\/blog.architekteninduesseldorf.de\/wp-content\/uploads\/2019\/01\/20181207_214430-754x1024.jpg","datePublished":"2019-01-27T19:18:34+00:00","dateModified":"2019-01-27T19:25:59+00:00","breadcrumb":{"@id":"https:\/\/blog.architekteninduesseldorf.de\/?p=281#breadcrumb"},"inLanguage":"de","potentialAction":[{"@type":"ReadAction","target":["https:\/\/blog.architekteninduesseldorf.de\/?p=281"]}]},{"@type":"ImageObject","inLanguage":"de","@id":"https:\/\/blog.architekteninduesseldorf.de\/?p=281#primaryimage","url":"https:\/\/blog.architekteninduesseldorf.de\/wp-content\/uploads\/2019\/01\/20181207_214430.jpg","contentUrl":"https:\/\/blog.architekteninduesseldorf.de\/wp-content\/uploads\/2019\/01\/20181207_214430.jpg","width":1079,"height":1465},{"@type":"BreadcrumbList","@id":"https:\/\/blog.architekteninduesseldorf.de\/?p=281#breadcrumb","itemListElement":[{"@type":"ListItem","position":1,"name":"Startseite","item":"https:\/\/blog.architekteninduesseldorf.de\/"},{"@type":"ListItem","position":2,"name":"Sanierung im D\u00fcsseldorfer Norden"}]},{"@type":"WebSite","@id":"https:\/\/blog.architekteninduesseldorf.de\/#website","url":"https:\/\/blog.architekteninduesseldorf.de\/","name":"NEWSBLOG","description":"Architekturb\u00fcro Rehberg + Milesevic","publisher":{"@id":"https:\/\/blog.architekteninduesseldorf.de\/#organization"},"potentialAction":[{"@type":"SearchAction","target":{"@type":"EntryPoint","urlTemplate":"https:\/\/blog.architekteninduesseldorf.de\/?s={search_term_string}"},"query-input":{"@type":"PropertyValueSpecification","valueRequired":true,"valueName":"search_term_string"}}],"inLanguage":"de"},{"@type":"Organization","@id":"https:\/\/blog.architekteninduesseldorf.de\/#organization","name":"Rehberg + Milesevic Architekten","url":"https:\/\/blog.architekteninduesseldorf.de\/","logo":{"@type":"ImageObject","inLanguage":"de","@id":"https:\/\/blog.architekteninduesseldorf.de\/#\/schema\/logo\/image\/","url":"http:\/\/blog.architekteninduesseldorf.de\/wp-content\/uploads\/2019\/01\/180907-Bild3.jpg","contentUrl":"http:\/\/blog.architekteninduesseldorf.de\/wp-content\/uploads\/2019\/01\/180907-Bild3.jpg","width":1024,"height":768,"caption":"Rehberg + Milesevic Architekten"},"image":{"@id":"https:\/\/blog.architekteninduesseldorf.de\/#\/schema\/logo\/image\/"}},{"@type":"Person","@id":"https:\/\/blog.architekteninduesseldorf.de\/#\/schema\/person\/d8ead14ad7429b3a0d1350f8029be56a","name":"Rehberg + Milesevic Architekten"}]}},"_links":{"self":[{"href":"https:\/\/blog.architekteninduesseldorf.de\/index.php?rest_route=\/wp\/v2\/posts\/281","targetHints":{"allow":["GET"]}}],"collection":[{"href":"https:\/\/blog.architekteninduesseldorf.de\/index.php?rest_route=\/wp\/v2\/posts"}],"about":[{"href":"https:\/\/blog.architekteninduesseldorf.de\/index.php?rest_route=\/wp\/v2\/types\/post"}],"author":[{"embeddable":true,"href":"https:\/\/blog.architekteninduesseldorf.de\/index.php?rest_route=\/wp\/v2\/users\/1"}],"replies":[{"embeddable":true,"href":"https:\/\/blog.architekteninduesseldorf.de\/index.php?rest_route=%2Fwp%2Fv2%2Fcomments&post=281"}],"version-history":[{"count":1,"href":"https:\/\/blog.architekteninduesseldorf.de\/index.php?rest_route=\/wp\/v2\/posts\/281\/revisions"}],"predecessor-version":[{"id":282,"href":"https:\/\/blog.architekteninduesseldorf.de\/index.php?rest_route=\/wp\/v2\/posts\/281\/revisions\/282"}],"wp:attachment":[{"href":"https:\/\/blog.architekteninduesseldorf.de\/index.php?rest_route=%2Fwp%2Fv2%2Fmedia&parent=281"}],"wp:term":[{"taxonomy":"category","embeddable":true,"href":"https:\/\/blog.architekteninduesseldorf.de\/index.php?rest_route=%2Fwp%2Fv2%2Fcategories&post=281"},{"taxonomy":"post_tag","embeddable":true,"href":"https:\/\/blog.architekteninduesseldorf.de\/index.php?rest_route=%2Fwp%2Fv2%2Ftags&post=281"}],"curies":[{"name":"wp","href":"https:\/\/api.w.org\/{rel}","templated":true}]}}