{"id":212,"date":"2018-02-14T22:35:17","date_gmt":"2018-02-14T21:35:17","guid":{"rendered":"http:\/\/blog.architekteninduesseldorf.de\/?p=212"},"modified":"2018-02-14T22:35:17","modified_gmt":"2018-02-14T21:35:17","slug":"lounge-fertiggestellt","status":"publish","type":"post","link":"https:\/\/blog.architekteninduesseldorf.de\/?p=212","title":{"rendered":"Lounge fertiggestellt"},"content":{"rendered":"<p><a href=\"https:\/\/blog.architekteninduesseldorf.de\/wp-content\/uploads\/2018\/02\/DSCN0141.jpg\"><img loading=\"lazy\" decoding=\"async\" class=\"alignnone size-medium wp-image-208\" src=\"https:\/\/blog.architekteninduesseldorf.de\/wp-content\/uploads\/2018\/02\/DSCN0141-300x225.jpg\" alt=\"\" width=\"300\" height=\"225\" srcset=\"https:\/\/blog.architekteninduesseldorf.de\/wp-content\/uploads\/2018\/02\/DSCN0141-300x225.jpg 300w, https:\/\/blog.architekteninduesseldorf.de\/wp-content\/uploads\/2018\/02\/DSCN0141-768x576.jpg 768w, https:\/\/blog.architekteninduesseldorf.de\/wp-content\/uploads\/2018\/02\/DSCN0141-1024x768.jpg 1024w\" sizes=\"auto, (max-width: 300px) 100vw, 300px\" \/><\/a>\u00a0 \u00a0 \u00a0 \u00a0 \u00a0\u00a0<a href=\"https:\/\/blog.architekteninduesseldorf.de\/wp-content\/uploads\/2018\/02\/DSCN0139.jpg\"><img loading=\"lazy\" decoding=\"async\" class=\"alignnone size-medium wp-image-214\" src=\"https:\/\/blog.architekteninduesseldorf.de\/wp-content\/uploads\/2018\/02\/DSCN0139-300x225.jpg\" alt=\"\" width=\"300\" height=\"225\" srcset=\"https:\/\/blog.architekteninduesseldorf.de\/wp-content\/uploads\/2018\/02\/DSCN0139-300x225.jpg 300w, https:\/\/blog.architekteninduesseldorf.de\/wp-content\/uploads\/2018\/02\/DSCN0139-768x576.jpg 768w, https:\/\/blog.architekteninduesseldorf.de\/wp-content\/uploads\/2018\/02\/DSCN0139-1024x768.jpg 1024w\" sizes=\"auto, (max-width: 300px) 100vw, 300px\" \/><\/a><\/p>\n<p>In der Zentrale der Metall Josten GmbH in D\u00fcsseldorf wurde nun die neue Lounge fertiggestellt.<\/p>\n<p>Ein zentraler Tresen beherbergt alle notwendigen technischen Einbauten.<\/p>\n<p>Um ihn herum gruppieren sich in Nischen plazierte B\u00e4nke als Sitzgelegenheiten sowie ein Einbauschrank und eine Vitrine.<\/p>\n<p>Alle M\u00f6bel wurden nach Pl\u00e4nen der Rehberg + Milesevic Architekten individuell angefertigt.<\/p>\n","protected":false},"excerpt":{"rendered":"<p>\u00a0 \u00a0 \u00a0 \u00a0 \u00a0\u00a0 In der Zentrale der Metall Josten GmbH in D\u00fcsseldorf wurde nun die neue Lounge fertiggestellt. Ein zentraler Tresen beherbergt alle notwendigen technischen Einbauten. Um ihn herum gruppieren sich in Nischen plazierte B\u00e4nke als Sitzgelegenheiten sowie ein Einbauschrank und eine Vitrine. Alle M\u00f6bel wurden nach Pl\u00e4nen der Rehberg + Milesevic Architekten [&hellip;]<\/p>\n","protected":false},"author":1,"featured_media":0,"comment_status":"closed","ping_status":"open","sticky":false,"template":"","format":"standard","meta":{"footnotes":""},"categories":[1],"tags":[19,11,27,28,7],"class_list":["post-212","post","type-post","status-publish","format-standard","hentry","category-uncategorized","tag-buero","tag-duesseldorf","tag-interior-design","tag-lounge","tag-sanierung"],"yoast_head":"<!-- This site is optimized with the Yoast SEO plugin v28.4 - https:\/\/yoast.com\/product\/yoast-seo-wordpress\/ -->\n<title>Lounge fertiggestellt - NEWSBLOG<\/title>\n<meta name=\"robots\" content=\"index, follow, max-snippet:-1, max-image-preview:large, max-video-preview:-1\" \/>\n<link rel=\"canonical\" href=\"https:\/\/blog.architekteninduesseldorf.de\/?p=212\" \/>\n<meta property=\"og:locale\" content=\"de_DE\" \/>\n<meta property=\"og:type\" content=\"article\" \/>\n<meta property=\"og:title\" content=\"Lounge fertiggestellt - NEWSBLOG\" \/>\n<meta property=\"og:description\" content=\"\u00a0 \u00a0 \u00a0 \u00a0 \u00a0\u00a0 In der Zentrale der Metall Josten GmbH in D\u00fcsseldorf wurde nun die neue Lounge fertiggestellt. Ein zentraler Tresen beherbergt alle notwendigen technischen Einbauten. Um ihn herum gruppieren sich in Nischen plazierte B\u00e4nke als Sitzgelegenheiten sowie ein Einbauschrank und eine Vitrine. Alle M\u00f6bel wurden nach Pl\u00e4nen der Rehberg + Milesevic Architekten [&hellip;]\" \/>\n<meta property=\"og:url\" content=\"https:\/\/blog.architekteninduesseldorf.de\/?p=212\" \/>\n<meta property=\"og:site_name\" content=\"NEWSBLOG\" \/>\n<meta property=\"article:published_time\" content=\"2018-02-14T21:35:17+00:00\" \/>\n<meta property=\"og:image\" content=\"http:\/\/blog.architekteninduesseldorf.de\/wp-content\/uploads\/2018\/02\/DSCN0141-300x225.jpg\" \/>\n<meta name=\"author\" content=\"Rehberg + Milesevic Architekten\" \/>\n<meta name=\"twitter:card\" content=\"summary_large_image\" \/>\n<meta name=\"twitter:label1\" content=\"Verfasst von\" \/>\n\t<meta name=\"twitter:data1\" content=\"Rehberg + Milesevic Architekten\" \/>\n<script type=\"application\/ld+json\" class=\"yoast-schema-graph\">{\"@context\":\"https:\\\/\\\/schema.org\",\"@graph\":[{\"@type\":\"Article\",\"@id\":\"https:\\\/\\\/blog.architekteninduesseldorf.de\\\/?p=212#article\",\"isPartOf\":{\"@id\":\"https:\\\/\\\/blog.architekteninduesseldorf.de\\\/?p=212\"},\"author\":{\"name\":\"Rehberg + Milesevic Architekten\",\"@id\":\"https:\\\/\\\/blog.architekteninduesseldorf.de\\\/#\\\/schema\\\/person\\\/d8ead14ad7429b3a0d1350f8029be56a\"},\"headline\":\"Lounge fertiggestellt\",\"datePublished\":\"2018-02-14T21:35:17+00:00\",\"mainEntityOfPage\":{\"@id\":\"https:\\\/\\\/blog.architekteninduesseldorf.de\\\/?p=212\"},\"wordCount\":57,\"publisher\":{\"@id\":\"https:\\\/\\\/blog.architekteninduesseldorf.de\\\/#organization\"},\"image\":{\"@id\":\"https:\\\/\\\/blog.architekteninduesseldorf.de\\\/?p=212#primaryimage\"},\"thumbnailUrl\":\"http:\\\/\\\/blog.architekteninduesseldorf.de\\\/wp-content\\\/uploads\\\/2018\\\/02\\\/DSCN0141-300x225.jpg\",\"keywords\":[\"B\u00fcro\",\"D\u00fcsseldorf\",\"Interior Design\",\"Lounge\",\"Sanierung\"],\"articleSection\":[\"Uncategorized\"],\"inLanguage\":\"de\"},{\"@type\":\"WebPage\",\"@id\":\"https:\\\/\\\/blog.architekteninduesseldorf.de\\\/?p=212\",\"url\":\"https:\\\/\\\/blog.architekteninduesseldorf.de\\\/?p=212\",\"name\":\"Lounge fertiggestellt - NEWSBLOG\",\"isPartOf\":{\"@id\":\"https:\\\/\\\/blog.architekteninduesseldorf.de\\\/#website\"},\"primaryImageOfPage\":{\"@id\":\"https:\\\/\\\/blog.architekteninduesseldorf.de\\\/?p=212#primaryimage\"},\"image\":{\"@id\":\"https:\\\/\\\/blog.architekteninduesseldorf.de\\\/?p=212#primaryimage\"},\"thumbnailUrl\":\"http:\\\/\\\/blog.architekteninduesseldorf.de\\\/wp-content\\\/uploads\\\/2018\\\/02\\\/DSCN0141-300x225.jpg\",\"datePublished\":\"2018-02-14T21:35:17+00:00\",\"breadcrumb\":{\"@id\":\"https:\\\/\\\/blog.architekteninduesseldorf.de\\\/?p=212#breadcrumb\"},\"inLanguage\":\"de\",\"potentialAction\":[{\"@type\":\"ReadAction\",\"target\":[\"https:\\\/\\\/blog.architekteninduesseldorf.de\\\/?p=212\"]}]},{\"@type\":\"ImageObject\",\"inLanguage\":\"de\",\"@id\":\"https:\\\/\\\/blog.architekteninduesseldorf.de\\\/?p=212#primaryimage\",\"url\":\"https:\\\/\\\/blog.architekteninduesseldorf.de\\\/wp-content\\\/uploads\\\/2018\\\/02\\\/DSCN0141.jpg\",\"contentUrl\":\"https:\\\/\\\/blog.architekteninduesseldorf.de\\\/wp-content\\\/uploads\\\/2018\\\/02\\\/DSCN0141.jpg\",\"width\":4000,\"height\":3000},{\"@type\":\"BreadcrumbList\",\"@id\":\"https:\\\/\\\/blog.architekteninduesseldorf.de\\\/?p=212#breadcrumb\",\"itemListElement\":[{\"@type\":\"ListItem\",\"position\":1,\"name\":\"Startseite\",\"item\":\"https:\\\/\\\/blog.architekteninduesseldorf.de\\\/\"},{\"@type\":\"ListItem\",\"position\":2,\"name\":\"Lounge fertiggestellt\"}]},{\"@type\":\"WebSite\",\"@id\":\"https:\\\/\\\/blog.architekteninduesseldorf.de\\\/#website\",\"url\":\"https:\\\/\\\/blog.architekteninduesseldorf.de\\\/\",\"name\":\"NEWSBLOG\",\"description\":\"Architekturb\u00fcro Rehberg + Milesevic\",\"publisher\":{\"@id\":\"https:\\\/\\\/blog.architekteninduesseldorf.de\\\/#organization\"},\"potentialAction\":[{\"@type\":\"SearchAction\",\"target\":{\"@type\":\"EntryPoint\",\"urlTemplate\":\"https:\\\/\\\/blog.architekteninduesseldorf.de\\\/?s={search_term_string}\"},\"query-input\":{\"@type\":\"PropertyValueSpecification\",\"valueRequired\":true,\"valueName\":\"search_term_string\"}}],\"inLanguage\":\"de\"},{\"@type\":\"Organization\",\"@id\":\"https:\\\/\\\/blog.architekteninduesseldorf.de\\\/#organization\",\"name\":\"Rehberg + Milesevic Architekten\",\"url\":\"https:\\\/\\\/blog.architekteninduesseldorf.de\\\/\",\"logo\":{\"@type\":\"ImageObject\",\"inLanguage\":\"de\",\"@id\":\"https:\\\/\\\/blog.architekteninduesseldorf.de\\\/#\\\/schema\\\/logo\\\/image\\\/\",\"url\":\"http:\\\/\\\/blog.architekteninduesseldorf.de\\\/wp-content\\\/uploads\\\/2019\\\/01\\\/180907-Bild3.jpg\",\"contentUrl\":\"http:\\\/\\\/blog.architekteninduesseldorf.de\\\/wp-content\\\/uploads\\\/2019\\\/01\\\/180907-Bild3.jpg\",\"width\":1024,\"height\":768,\"caption\":\"Rehberg + Milesevic Architekten\"},\"image\":{\"@id\":\"https:\\\/\\\/blog.architekteninduesseldorf.de\\\/#\\\/schema\\\/logo\\\/image\\\/\"}},{\"@type\":\"Person\",\"@id\":\"https:\\\/\\\/blog.architekteninduesseldorf.de\\\/#\\\/schema\\\/person\\\/d8ead14ad7429b3a0d1350f8029be56a\",\"name\":\"Rehberg + Milesevic Architekten\"}]}<\/script>\n<!-- \/ Yoast SEO plugin. -->","yoast_head_json":{"title":"Lounge fertiggestellt - NEWSBLOG","robots":{"index":"index","follow":"follow","max-snippet":"max-snippet:-1","max-image-preview":"max-image-preview:large","max-video-preview":"max-video-preview:-1"},"canonical":"https:\/\/blog.architekteninduesseldorf.de\/?p=212","og_locale":"de_DE","og_type":"article","og_title":"Lounge fertiggestellt - NEWSBLOG","og_description":"\u00a0 \u00a0 \u00a0 \u00a0 \u00a0\u00a0 In der Zentrale der Metall Josten GmbH in D\u00fcsseldorf wurde nun die neue Lounge fertiggestellt. Ein zentraler Tresen beherbergt alle notwendigen technischen Einbauten. Um ihn herum gruppieren sich in Nischen plazierte B\u00e4nke als Sitzgelegenheiten sowie ein Einbauschrank und eine Vitrine. Alle M\u00f6bel wurden nach Pl\u00e4nen der Rehberg + Milesevic Architekten [&hellip;]","og_url":"https:\/\/blog.architekteninduesseldorf.de\/?p=212","og_site_name":"NEWSBLOG","article_published_time":"2018-02-14T21:35:17+00:00","og_image":[{"url":"http:\/\/blog.architekteninduesseldorf.de\/wp-content\/uploads\/2018\/02\/DSCN0141-300x225.jpg","type":"","width":"","height":""}],"author":"Rehberg + Milesevic Architekten","twitter_card":"summary_large_image","twitter_misc":{"Verfasst von":"Rehberg + Milesevic Architekten"},"schema":{"@context":"https:\/\/schema.org","@graph":[{"@type":"Article","@id":"https:\/\/blog.architekteninduesseldorf.de\/?p=212#article","isPartOf":{"@id":"https:\/\/blog.architekteninduesseldorf.de\/?p=212"},"author":{"name":"Rehberg + Milesevic Architekten","@id":"https:\/\/blog.architekteninduesseldorf.de\/#\/schema\/person\/d8ead14ad7429b3a0d1350f8029be56a"},"headline":"Lounge fertiggestellt","datePublished":"2018-02-14T21:35:17+00:00","mainEntityOfPage":{"@id":"https:\/\/blog.architekteninduesseldorf.de\/?p=212"},"wordCount":57,"publisher":{"@id":"https:\/\/blog.architekteninduesseldorf.de\/#organization"},"image":{"@id":"https:\/\/blog.architekteninduesseldorf.de\/?p=212#primaryimage"},"thumbnailUrl":"http:\/\/blog.architekteninduesseldorf.de\/wp-content\/uploads\/2018\/02\/DSCN0141-300x225.jpg","keywords":["B\u00fcro","D\u00fcsseldorf","Interior Design","Lounge","Sanierung"],"articleSection":["Uncategorized"],"inLanguage":"de"},{"@type":"WebPage","@id":"https:\/\/blog.architekteninduesseldorf.de\/?p=212","url":"https:\/\/blog.architekteninduesseldorf.de\/?p=212","name":"Lounge fertiggestellt - NEWSBLOG","isPartOf":{"@id":"https:\/\/blog.architekteninduesseldorf.de\/#website"},"primaryImageOfPage":{"@id":"https:\/\/blog.architekteninduesseldorf.de\/?p=212#primaryimage"},"image":{"@id":"https:\/\/blog.architekteninduesseldorf.de\/?p=212#primaryimage"},"thumbnailUrl":"http:\/\/blog.architekteninduesseldorf.de\/wp-content\/uploads\/2018\/02\/DSCN0141-300x225.jpg","datePublished":"2018-02-14T21:35:17+00:00","breadcrumb":{"@id":"https:\/\/blog.architekteninduesseldorf.de\/?p=212#breadcrumb"},"inLanguage":"de","potentialAction":[{"@type":"ReadAction","target":["https:\/\/blog.architekteninduesseldorf.de\/?p=212"]}]},{"@type":"ImageObject","inLanguage":"de","@id":"https:\/\/blog.architekteninduesseldorf.de\/?p=212#primaryimage","url":"https:\/\/blog.architekteninduesseldorf.de\/wp-content\/uploads\/2018\/02\/DSCN0141.jpg","contentUrl":"https:\/\/blog.architekteninduesseldorf.de\/wp-content\/uploads\/2018\/02\/DSCN0141.jpg","width":4000,"height":3000},{"@type":"BreadcrumbList","@id":"https:\/\/blog.architekteninduesseldorf.de\/?p=212#breadcrumb","itemListElement":[{"@type":"ListItem","position":1,"name":"Startseite","item":"https:\/\/blog.architekteninduesseldorf.de\/"},{"@type":"ListItem","position":2,"name":"Lounge fertiggestellt"}]},{"@type":"WebSite","@id":"https:\/\/blog.architekteninduesseldorf.de\/#website","url":"https:\/\/blog.architekteninduesseldorf.de\/","name":"NEWSBLOG","description":"Architekturb\u00fcro Rehberg + Milesevic","publisher":{"@id":"https:\/\/blog.architekteninduesseldorf.de\/#organization"},"potentialAction":[{"@type":"SearchAction","target":{"@type":"EntryPoint","urlTemplate":"https:\/\/blog.architekteninduesseldorf.de\/?s={search_term_string}"},"query-input":{"@type":"PropertyValueSpecification","valueRequired":true,"valueName":"search_term_string"}}],"inLanguage":"de"},{"@type":"Organization","@id":"https:\/\/blog.architekteninduesseldorf.de\/#organization","name":"Rehberg + Milesevic Architekten","url":"https:\/\/blog.architekteninduesseldorf.de\/","logo":{"@type":"ImageObject","inLanguage":"de","@id":"https:\/\/blog.architekteninduesseldorf.de\/#\/schema\/logo\/image\/","url":"http:\/\/blog.architekteninduesseldorf.de\/wp-content\/uploads\/2019\/01\/180907-Bild3.jpg","contentUrl":"http:\/\/blog.architekteninduesseldorf.de\/wp-content\/uploads\/2019\/01\/180907-Bild3.jpg","width":1024,"height":768,"caption":"Rehberg + Milesevic Architekten"},"image":{"@id":"https:\/\/blog.architekteninduesseldorf.de\/#\/schema\/logo\/image\/"}},{"@type":"Person","@id":"https:\/\/blog.architekteninduesseldorf.de\/#\/schema\/person\/d8ead14ad7429b3a0d1350f8029be56a","name":"Rehberg + Milesevic Architekten"}]}},"_links":{"self":[{"href":"https:\/\/blog.architekteninduesseldorf.de\/index.php?rest_route=\/wp\/v2\/posts\/212","targetHints":{"allow":["GET"]}}],"collection":[{"href":"https:\/\/blog.architekteninduesseldorf.de\/index.php?rest_route=\/wp\/v2\/posts"}],"about":[{"href":"https:\/\/blog.architekteninduesseldorf.de\/index.php?rest_route=\/wp\/v2\/types\/post"}],"author":[{"embeddable":true,"href":"https:\/\/blog.architekteninduesseldorf.de\/index.php?rest_route=\/wp\/v2\/users\/1"}],"replies":[{"embeddable":true,"href":"https:\/\/blog.architekteninduesseldorf.de\/index.php?rest_route=%2Fwp%2Fv2%2Fcomments&post=212"}],"version-history":[{"count":2,"href":"https:\/\/blog.architekteninduesseldorf.de\/index.php?rest_route=\/wp\/v2\/posts\/212\/revisions"}],"predecessor-version":[{"id":215,"href":"https:\/\/blog.architekteninduesseldorf.de\/index.php?rest_route=\/wp\/v2\/posts\/212\/revisions\/215"}],"wp:attachment":[{"href":"https:\/\/blog.architekteninduesseldorf.de\/index.php?rest_route=%2Fwp%2Fv2%2Fmedia&parent=212"}],"wp:term":[{"taxonomy":"category","embeddable":true,"href":"https:\/\/blog.architekteninduesseldorf.de\/index.php?rest_route=%2Fwp%2Fv2%2Fcategories&post=212"},{"taxonomy":"post_tag","embeddable":true,"href":"https:\/\/blog.architekteninduesseldorf.de\/index.php?rest_route=%2Fwp%2Fv2%2Ftags&post=212"}],"curies":[{"name":"wp","href":"https:\/\/api.w.org\/{rel}","templated":true}]}}