{"id":209,"date":"2018-02-14T22:18:52","date_gmt":"2018-02-14T21:18:52","guid":{"rendered":"http:\/\/blog.architekteninduesseldorf.de\/?p=209"},"modified":"2018-02-16T22:19:00","modified_gmt":"2018-02-16T21:19:00","slug":"arbeiten-in-ratingen-bald-abgeschlossen","status":"publish","type":"post","link":"https:\/\/blog.architekteninduesseldorf.de\/?p=209","title":{"rendered":"Arbeiten in Ratingen bald abgeschlossen"},"content":{"rendered":"<p><a href=\"https:\/\/blog.architekteninduesseldorf.de\/wp-content\/uploads\/2018\/02\/DSCN0168.jpg\"><img loading=\"lazy\" decoding=\"async\" class=\"alignnone size-medium wp-image-219\" src=\"https:\/\/blog.architekteninduesseldorf.de\/wp-content\/uploads\/2018\/02\/DSCN0168-300x225.jpg\" alt=\"\" width=\"300\" height=\"225\" srcset=\"https:\/\/blog.architekteninduesseldorf.de\/wp-content\/uploads\/2018\/02\/DSCN0168-300x225.jpg 300w, https:\/\/blog.architekteninduesseldorf.de\/wp-content\/uploads\/2018\/02\/DSCN0168-768x576.jpg 768w, https:\/\/blog.architekteninduesseldorf.de\/wp-content\/uploads\/2018\/02\/DSCN0168-1024x768.jpg 1024w\" sizes=\"auto, (max-width: 300px) 100vw, 300px\" \/><\/a><a href=\"https:\/\/blog.architekteninduesseldorf.de\/wp-content\/uploads\/2018\/02\/DSCN0171.jpg\"><img loading=\"lazy\" decoding=\"async\" class=\"alignnone size-medium wp-image-221\" src=\"https:\/\/blog.architekteninduesseldorf.de\/wp-content\/uploads\/2018\/02\/DSCN0171-300x225.jpg\" alt=\"\" width=\"300\" height=\"225\" srcset=\"https:\/\/blog.architekteninduesseldorf.de\/wp-content\/uploads\/2018\/02\/DSCN0171-300x225.jpg 300w, https:\/\/blog.architekteninduesseldorf.de\/wp-content\/uploads\/2018\/02\/DSCN0171-768x576.jpg 768w, https:\/\/blog.architekteninduesseldorf.de\/wp-content\/uploads\/2018\/02\/DSCN0171-1024x768.jpg 1024w\" sizes=\"auto, (max-width: 300px) 100vw, 300px\" \/><\/a><\/p>\n<p>Die Arbeiten f\u00fcr die neuen B\u00fcrofl\u00e4chen der Bluvo AG stehen kurz vor dem Abschlu\u00df.<\/p>\n<p>Abschlie\u00dfend werden bereits M\u00f6bel eingebaut und gl\u00e4serne Trennw\u00e4nde montiert.<\/p>\n<p>Bereits Ende Februar werden hier die Computerexperten ihre Arbeitspl\u00e4tze beziehen.<\/p>\n","protected":false},"excerpt":{"rendered":"<p>Die Arbeiten f\u00fcr die neuen B\u00fcrofl\u00e4chen der Bluvo AG stehen kurz vor dem Abschlu\u00df. Abschlie\u00dfend werden bereits M\u00f6bel eingebaut und gl\u00e4serne Trennw\u00e4nde montiert. Bereits Ende Februar werden hier die Computerexperten ihre Arbeitspl\u00e4tze beziehen.<\/p>\n","protected":false},"author":1,"featured_media":0,"comment_status":"closed","ping_status":"open","sticky":false,"template":"","format":"standard","meta":{"footnotes":""},"categories":[1],"tags":[19,27,22,7,21],"class_list":["post-209","post","type-post","status-publish","format-standard","hentry","category-uncategorized","tag-buero","tag-interior-design","tag-ratingen","tag-sanierung","tag-verwaltung"],"yoast_head":"<!-- This site is optimized with the Yoast SEO plugin v28.4 - https:\/\/yoast.com\/product\/yoast-seo-wordpress\/ -->\n<title>Arbeiten in Ratingen bald abgeschlossen - NEWSBLOG<\/title>\n<meta name=\"robots\" content=\"index, follow, max-snippet:-1, max-image-preview:large, max-video-preview:-1\" \/>\n<link rel=\"canonical\" href=\"https:\/\/blog.architekteninduesseldorf.de\/?p=209\" \/>\n<meta property=\"og:locale\" content=\"de_DE\" \/>\n<meta property=\"og:type\" content=\"article\" \/>\n<meta property=\"og:title\" content=\"Arbeiten in Ratingen bald abgeschlossen - NEWSBLOG\" \/>\n<meta property=\"og:description\" content=\"Die Arbeiten f\u00fcr die neuen B\u00fcrofl\u00e4chen der Bluvo AG stehen kurz vor dem Abschlu\u00df. Abschlie\u00dfend werden bereits M\u00f6bel eingebaut und gl\u00e4serne Trennw\u00e4nde montiert. Bereits Ende Februar werden hier die Computerexperten ihre Arbeitspl\u00e4tze beziehen.\" \/>\n<meta property=\"og:url\" content=\"https:\/\/blog.architekteninduesseldorf.de\/?p=209\" \/>\n<meta property=\"og:site_name\" content=\"NEWSBLOG\" \/>\n<meta property=\"article:published_time\" content=\"2018-02-14T21:18:52+00:00\" \/>\n<meta property=\"article:modified_time\" content=\"2018-02-16T21:19:00+00:00\" \/>\n<meta property=\"og:image\" content=\"http:\/\/blog.architekteninduesseldorf.de\/wp-content\/uploads\/2018\/02\/DSCN0168-300x225.jpg\" \/>\n<meta name=\"author\" content=\"Rehberg + Milesevic Architekten\" \/>\n<meta name=\"twitter:card\" content=\"summary_large_image\" \/>\n<meta name=\"twitter:label1\" content=\"Verfasst von\" \/>\n\t<meta name=\"twitter:data1\" content=\"Rehberg + Milesevic Architekten\" \/>\n<script type=\"application\/ld+json\" class=\"yoast-schema-graph\">{\"@context\":\"https:\\\/\\\/schema.org\",\"@graph\":[{\"@type\":\"Article\",\"@id\":\"https:\\\/\\\/blog.architekteninduesseldorf.de\\\/?p=209#article\",\"isPartOf\":{\"@id\":\"https:\\\/\\\/blog.architekteninduesseldorf.de\\\/?p=209\"},\"author\":{\"name\":\"Rehberg + Milesevic Architekten\",\"@id\":\"https:\\\/\\\/blog.architekteninduesseldorf.de\\\/#\\\/schema\\\/person\\\/d8ead14ad7429b3a0d1350f8029be56a\"},\"headline\":\"Arbeiten in Ratingen bald abgeschlossen\",\"datePublished\":\"2018-02-14T21:18:52+00:00\",\"dateModified\":\"2018-02-16T21:19:00+00:00\",\"mainEntityOfPage\":{\"@id\":\"https:\\\/\\\/blog.architekteninduesseldorf.de\\\/?p=209\"},\"wordCount\":46,\"publisher\":{\"@id\":\"https:\\\/\\\/blog.architekteninduesseldorf.de\\\/#organization\"},\"image\":{\"@id\":\"https:\\\/\\\/blog.architekteninduesseldorf.de\\\/?p=209#primaryimage\"},\"thumbnailUrl\":\"http:\\\/\\\/blog.architekteninduesseldorf.de\\\/wp-content\\\/uploads\\\/2018\\\/02\\\/DSCN0168-300x225.jpg\",\"keywords\":[\"B\u00fcro\",\"Interior Design\",\"Ratingen\",\"Sanierung\",\"Verwaltung\"],\"articleSection\":[\"Uncategorized\"],\"inLanguage\":\"de\"},{\"@type\":\"WebPage\",\"@id\":\"https:\\\/\\\/blog.architekteninduesseldorf.de\\\/?p=209\",\"url\":\"https:\\\/\\\/blog.architekteninduesseldorf.de\\\/?p=209\",\"name\":\"Arbeiten in Ratingen bald abgeschlossen - NEWSBLOG\",\"isPartOf\":{\"@id\":\"https:\\\/\\\/blog.architekteninduesseldorf.de\\\/#website\"},\"primaryImageOfPage\":{\"@id\":\"https:\\\/\\\/blog.architekteninduesseldorf.de\\\/?p=209#primaryimage\"},\"image\":{\"@id\":\"https:\\\/\\\/blog.architekteninduesseldorf.de\\\/?p=209#primaryimage\"},\"thumbnailUrl\":\"http:\\\/\\\/blog.architekteninduesseldorf.de\\\/wp-content\\\/uploads\\\/2018\\\/02\\\/DSCN0168-300x225.jpg\",\"datePublished\":\"2018-02-14T21:18:52+00:00\",\"dateModified\":\"2018-02-16T21:19:00+00:00\",\"breadcrumb\":{\"@id\":\"https:\\\/\\\/blog.architekteninduesseldorf.de\\\/?p=209#breadcrumb\"},\"inLanguage\":\"de\",\"potentialAction\":[{\"@type\":\"ReadAction\",\"target\":[\"https:\\\/\\\/blog.architekteninduesseldorf.de\\\/?p=209\"]}]},{\"@type\":\"ImageObject\",\"inLanguage\":\"de\",\"@id\":\"https:\\\/\\\/blog.architekteninduesseldorf.de\\\/?p=209#primaryimage\",\"url\":\"https:\\\/\\\/blog.architekteninduesseldorf.de\\\/wp-content\\\/uploads\\\/2018\\\/02\\\/DSCN0168.jpg\",\"contentUrl\":\"https:\\\/\\\/blog.architekteninduesseldorf.de\\\/wp-content\\\/uploads\\\/2018\\\/02\\\/DSCN0168.jpg\",\"width\":4000,\"height\":3000},{\"@type\":\"BreadcrumbList\",\"@id\":\"https:\\\/\\\/blog.architekteninduesseldorf.de\\\/?p=209#breadcrumb\",\"itemListElement\":[{\"@type\":\"ListItem\",\"position\":1,\"name\":\"Startseite\",\"item\":\"https:\\\/\\\/blog.architekteninduesseldorf.de\\\/\"},{\"@type\":\"ListItem\",\"position\":2,\"name\":\"Arbeiten in Ratingen bald abgeschlossen\"}]},{\"@type\":\"WebSite\",\"@id\":\"https:\\\/\\\/blog.architekteninduesseldorf.de\\\/#website\",\"url\":\"https:\\\/\\\/blog.architekteninduesseldorf.de\\\/\",\"name\":\"NEWSBLOG\",\"description\":\"Architekturb\u00fcro Rehberg + Milesevic\",\"publisher\":{\"@id\":\"https:\\\/\\\/blog.architekteninduesseldorf.de\\\/#organization\"},\"potentialAction\":[{\"@type\":\"SearchAction\",\"target\":{\"@type\":\"EntryPoint\",\"urlTemplate\":\"https:\\\/\\\/blog.architekteninduesseldorf.de\\\/?s={search_term_string}\"},\"query-input\":{\"@type\":\"PropertyValueSpecification\",\"valueRequired\":true,\"valueName\":\"search_term_string\"}}],\"inLanguage\":\"de\"},{\"@type\":\"Organization\",\"@id\":\"https:\\\/\\\/blog.architekteninduesseldorf.de\\\/#organization\",\"name\":\"Rehberg + Milesevic Architekten\",\"url\":\"https:\\\/\\\/blog.architekteninduesseldorf.de\\\/\",\"logo\":{\"@type\":\"ImageObject\",\"inLanguage\":\"de\",\"@id\":\"https:\\\/\\\/blog.architekteninduesseldorf.de\\\/#\\\/schema\\\/logo\\\/image\\\/\",\"url\":\"http:\\\/\\\/blog.architekteninduesseldorf.de\\\/wp-content\\\/uploads\\\/2019\\\/01\\\/180907-Bild3.jpg\",\"contentUrl\":\"http:\\\/\\\/blog.architekteninduesseldorf.de\\\/wp-content\\\/uploads\\\/2019\\\/01\\\/180907-Bild3.jpg\",\"width\":1024,\"height\":768,\"caption\":\"Rehberg + Milesevic Architekten\"},\"image\":{\"@id\":\"https:\\\/\\\/blog.architekteninduesseldorf.de\\\/#\\\/schema\\\/logo\\\/image\\\/\"}},{\"@type\":\"Person\",\"@id\":\"https:\\\/\\\/blog.architekteninduesseldorf.de\\\/#\\\/schema\\\/person\\\/d8ead14ad7429b3a0d1350f8029be56a\",\"name\":\"Rehberg + Milesevic Architekten\"}]}<\/script>\n<!-- \/ Yoast SEO plugin. -->","yoast_head_json":{"title":"Arbeiten in Ratingen bald abgeschlossen - NEWSBLOG","robots":{"index":"index","follow":"follow","max-snippet":"max-snippet:-1","max-image-preview":"max-image-preview:large","max-video-preview":"max-video-preview:-1"},"canonical":"https:\/\/blog.architekteninduesseldorf.de\/?p=209","og_locale":"de_DE","og_type":"article","og_title":"Arbeiten in Ratingen bald abgeschlossen - NEWSBLOG","og_description":"Die Arbeiten f\u00fcr die neuen B\u00fcrofl\u00e4chen der Bluvo AG stehen kurz vor dem Abschlu\u00df. Abschlie\u00dfend werden bereits M\u00f6bel eingebaut und gl\u00e4serne Trennw\u00e4nde montiert. Bereits Ende Februar werden hier die Computerexperten ihre Arbeitspl\u00e4tze beziehen.","og_url":"https:\/\/blog.architekteninduesseldorf.de\/?p=209","og_site_name":"NEWSBLOG","article_published_time":"2018-02-14T21:18:52+00:00","article_modified_time":"2018-02-16T21:19:00+00:00","og_image":[{"url":"http:\/\/blog.architekteninduesseldorf.de\/wp-content\/uploads\/2018\/02\/DSCN0168-300x225.jpg","type":"","width":"","height":""}],"author":"Rehberg + Milesevic Architekten","twitter_card":"summary_large_image","twitter_misc":{"Verfasst von":"Rehberg + Milesevic Architekten"},"schema":{"@context":"https:\/\/schema.org","@graph":[{"@type":"Article","@id":"https:\/\/blog.architekteninduesseldorf.de\/?p=209#article","isPartOf":{"@id":"https:\/\/blog.architekteninduesseldorf.de\/?p=209"},"author":{"name":"Rehberg + Milesevic Architekten","@id":"https:\/\/blog.architekteninduesseldorf.de\/#\/schema\/person\/d8ead14ad7429b3a0d1350f8029be56a"},"headline":"Arbeiten in Ratingen bald abgeschlossen","datePublished":"2018-02-14T21:18:52+00:00","dateModified":"2018-02-16T21:19:00+00:00","mainEntityOfPage":{"@id":"https:\/\/blog.architekteninduesseldorf.de\/?p=209"},"wordCount":46,"publisher":{"@id":"https:\/\/blog.architekteninduesseldorf.de\/#organization"},"image":{"@id":"https:\/\/blog.architekteninduesseldorf.de\/?p=209#primaryimage"},"thumbnailUrl":"http:\/\/blog.architekteninduesseldorf.de\/wp-content\/uploads\/2018\/02\/DSCN0168-300x225.jpg","keywords":["B\u00fcro","Interior Design","Ratingen","Sanierung","Verwaltung"],"articleSection":["Uncategorized"],"inLanguage":"de"},{"@type":"WebPage","@id":"https:\/\/blog.architekteninduesseldorf.de\/?p=209","url":"https:\/\/blog.architekteninduesseldorf.de\/?p=209","name":"Arbeiten in Ratingen bald abgeschlossen - NEWSBLOG","isPartOf":{"@id":"https:\/\/blog.architekteninduesseldorf.de\/#website"},"primaryImageOfPage":{"@id":"https:\/\/blog.architekteninduesseldorf.de\/?p=209#primaryimage"},"image":{"@id":"https:\/\/blog.architekteninduesseldorf.de\/?p=209#primaryimage"},"thumbnailUrl":"http:\/\/blog.architekteninduesseldorf.de\/wp-content\/uploads\/2018\/02\/DSCN0168-300x225.jpg","datePublished":"2018-02-14T21:18:52+00:00","dateModified":"2018-02-16T21:19:00+00:00","breadcrumb":{"@id":"https:\/\/blog.architekteninduesseldorf.de\/?p=209#breadcrumb"},"inLanguage":"de","potentialAction":[{"@type":"ReadAction","target":["https:\/\/blog.architekteninduesseldorf.de\/?p=209"]}]},{"@type":"ImageObject","inLanguage":"de","@id":"https:\/\/blog.architekteninduesseldorf.de\/?p=209#primaryimage","url":"https:\/\/blog.architekteninduesseldorf.de\/wp-content\/uploads\/2018\/02\/DSCN0168.jpg","contentUrl":"https:\/\/blog.architekteninduesseldorf.de\/wp-content\/uploads\/2018\/02\/DSCN0168.jpg","width":4000,"height":3000},{"@type":"BreadcrumbList","@id":"https:\/\/blog.architekteninduesseldorf.de\/?p=209#breadcrumb","itemListElement":[{"@type":"ListItem","position":1,"name":"Startseite","item":"https:\/\/blog.architekteninduesseldorf.de\/"},{"@type":"ListItem","position":2,"name":"Arbeiten in Ratingen bald abgeschlossen"}]},{"@type":"WebSite","@id":"https:\/\/blog.architekteninduesseldorf.de\/#website","url":"https:\/\/blog.architekteninduesseldorf.de\/","name":"NEWSBLOG","description":"Architekturb\u00fcro Rehberg + Milesevic","publisher":{"@id":"https:\/\/blog.architekteninduesseldorf.de\/#organization"},"potentialAction":[{"@type":"SearchAction","target":{"@type":"EntryPoint","urlTemplate":"https:\/\/blog.architekteninduesseldorf.de\/?s={search_term_string}"},"query-input":{"@type":"PropertyValueSpecification","valueRequired":true,"valueName":"search_term_string"}}],"inLanguage":"de"},{"@type":"Organization","@id":"https:\/\/blog.architekteninduesseldorf.de\/#organization","name":"Rehberg + Milesevic Architekten","url":"https:\/\/blog.architekteninduesseldorf.de\/","logo":{"@type":"ImageObject","inLanguage":"de","@id":"https:\/\/blog.architekteninduesseldorf.de\/#\/schema\/logo\/image\/","url":"http:\/\/blog.architekteninduesseldorf.de\/wp-content\/uploads\/2019\/01\/180907-Bild3.jpg","contentUrl":"http:\/\/blog.architekteninduesseldorf.de\/wp-content\/uploads\/2019\/01\/180907-Bild3.jpg","width":1024,"height":768,"caption":"Rehberg + Milesevic Architekten"},"image":{"@id":"https:\/\/blog.architekteninduesseldorf.de\/#\/schema\/logo\/image\/"}},{"@type":"Person","@id":"https:\/\/blog.architekteninduesseldorf.de\/#\/schema\/person\/d8ead14ad7429b3a0d1350f8029be56a","name":"Rehberg + Milesevic Architekten"}]}},"_links":{"self":[{"href":"https:\/\/blog.architekteninduesseldorf.de\/index.php?rest_route=\/wp\/v2\/posts\/209","targetHints":{"allow":["GET"]}}],"collection":[{"href":"https:\/\/blog.architekteninduesseldorf.de\/index.php?rest_route=\/wp\/v2\/posts"}],"about":[{"href":"https:\/\/blog.architekteninduesseldorf.de\/index.php?rest_route=\/wp\/v2\/types\/post"}],"author":[{"embeddable":true,"href":"https:\/\/blog.architekteninduesseldorf.de\/index.php?rest_route=\/wp\/v2\/users\/1"}],"replies":[{"embeddable":true,"href":"https:\/\/blog.architekteninduesseldorf.de\/index.php?rest_route=%2Fwp%2Fv2%2Fcomments&post=209"}],"version-history":[{"count":3,"href":"https:\/\/blog.architekteninduesseldorf.de\/index.php?rest_route=\/wp\/v2\/posts\/209\/revisions"}],"predecessor-version":[{"id":222,"href":"https:\/\/blog.architekteninduesseldorf.de\/index.php?rest_route=\/wp\/v2\/posts\/209\/revisions\/222"}],"wp:attachment":[{"href":"https:\/\/blog.architekteninduesseldorf.de\/index.php?rest_route=%2Fwp%2Fv2%2Fmedia&parent=209"}],"wp:term":[{"taxonomy":"category","embeddable":true,"href":"https:\/\/blog.architekteninduesseldorf.de\/index.php?rest_route=%2Fwp%2Fv2%2Fcategories&post=209"},{"taxonomy":"post_tag","embeddable":true,"href":"https:\/\/blog.architekteninduesseldorf.de\/index.php?rest_route=%2Fwp%2Fv2%2Ftags&post=209"}],"curies":[{"name":"wp","href":"https:\/\/api.w.org\/{rel}","templated":true}]}}