{"id":171,"date":"2017-10-21T23:20:21","date_gmt":"2017-10-21T21:20:21","guid":{"rendered":"http:\/\/blog.architekteninduesseldorf.de\/?p=171"},"modified":"2017-10-21T23:28:25","modified_gmt":"2017-10-21T21:28:25","slug":"weitzer-parkett-aus-oesterreich","status":"publish","type":"post","link":"https:\/\/blog.architekteninduesseldorf.de\/?p=171","title":{"rendered":"Weitzer &#8211; Parkett aus \u00d6sterreich"},"content":{"rendered":"<p><img loading=\"lazy\" decoding=\"async\" class=\"alignnone size-medium wp-image-172\" src=\"https:\/\/blog.architekteninduesseldorf.de\/wp-content\/uploads\/2017\/10\/20171019_124002-300x169.jpg\" alt=\"\" width=\"300\" height=\"169\" srcset=\"https:\/\/blog.architekteninduesseldorf.de\/wp-content\/uploads\/2017\/10\/20171019_124002-300x169.jpg 300w, https:\/\/blog.architekteninduesseldorf.de\/wp-content\/uploads\/2017\/10\/20171019_124002-768x432.jpg 768w, https:\/\/blog.architekteninduesseldorf.de\/wp-content\/uploads\/2017\/10\/20171019_124002-1024x576.jpg 1024w\" sizes=\"auto, (max-width: 300px) 100vw, 300px\" \/><\/p>\n<p>In einem zweit\u00e4gigem intensiven Seminar haben wir uns am Firmensitz in Weiz in der Steiermark ein Bild von der Produktion, der Produktentwicklung und Qualit\u00e4tssicherung machen k\u00f6nnen.<\/p>\n<p>Mit der Gesch\u00e4ftsleitung konnten wir \u00fcber neue Produktentwicklungen, das Marketing und den Vertrieb diskutieren. Dabei konnten wir uns insbesondere von der beeindruckenden \u00f6kologischen Qualit\u00e4t \u00fcberzeugen: Der gr\u00f6\u00dfere Teil der Rohstoffe stammt aus heimischer Produktion, Kleber und Lacke sind l\u00f6semittelfrei,alle Reste werden auf dem Gel\u00e4nde thermisch verwertet und in Fernw\u00e4rme und Strom umgewandelt.\u00a0\u00a0<a href=\"http:\/\/www.weitzer-parkett.com\">http:\/\/www.weitzer-parkett.com<\/a><\/p>\n","protected":false},"excerpt":{"rendered":"<p>In einem zweit\u00e4gigem intensiven Seminar haben wir uns am Firmensitz in Weiz in der Steiermark ein Bild von der Produktion, der Produktentwicklung und Qualit\u00e4tssicherung machen k\u00f6nnen. Mit der Gesch\u00e4ftsleitung konnten wir \u00fcber neue Produktentwicklungen, das Marketing und den Vertrieb diskutieren. Dabei konnten wir uns insbesondere von der beeindruckenden \u00f6kologischen Qualit\u00e4t \u00fcberzeugen: Der gr\u00f6\u00dfere Teil der [&hellip;]<\/p>\n","protected":false},"author":1,"featured_media":0,"comment_status":"closed","ping_status":"open","sticky":false,"template":"","format":"standard","meta":{"footnotes":""},"categories":[1],"tags":[],"class_list":["post-171","post","type-post","status-publish","format-standard","hentry","category-uncategorized"],"yoast_head":"<!-- This site is optimized with the Yoast SEO plugin v28.4 - https:\/\/yoast.com\/product\/yoast-seo-wordpress\/ -->\n<title>Weitzer - Parkett aus \u00d6sterreich - NEWSBLOG<\/title>\n<meta name=\"robots\" content=\"index, follow, max-snippet:-1, max-image-preview:large, max-video-preview:-1\" \/>\n<link rel=\"canonical\" href=\"https:\/\/blog.architekteninduesseldorf.de\/?p=171\" \/>\n<meta property=\"og:locale\" content=\"de_DE\" \/>\n<meta property=\"og:type\" content=\"article\" \/>\n<meta property=\"og:title\" content=\"Weitzer - Parkett aus \u00d6sterreich - NEWSBLOG\" \/>\n<meta property=\"og:description\" content=\"In einem zweit\u00e4gigem intensiven Seminar haben wir uns am Firmensitz in Weiz in der Steiermark ein Bild von der Produktion, der Produktentwicklung und Qualit\u00e4tssicherung machen k\u00f6nnen. Mit der Gesch\u00e4ftsleitung konnten wir \u00fcber neue Produktentwicklungen, das Marketing und den Vertrieb diskutieren. Dabei konnten wir uns insbesondere von der beeindruckenden \u00f6kologischen Qualit\u00e4t \u00fcberzeugen: Der gr\u00f6\u00dfere Teil der [&hellip;]\" \/>\n<meta property=\"og:url\" content=\"https:\/\/blog.architekteninduesseldorf.de\/?p=171\" \/>\n<meta property=\"og:site_name\" content=\"NEWSBLOG\" \/>\n<meta property=\"article:published_time\" content=\"2017-10-21T21:20:21+00:00\" \/>\n<meta property=\"article:modified_time\" content=\"2017-10-21T21:28:25+00:00\" \/>\n<meta property=\"og:image\" content=\"http:\/\/blog.architekteninduesseldorf.de\/wp-content\/uploads\/2017\/10\/20171019_124002-300x169.jpg\" \/>\n<meta name=\"author\" content=\"Rehberg + Milesevic Architekten\" \/>\n<meta name=\"twitter:card\" content=\"summary_large_image\" \/>\n<meta name=\"twitter:label1\" content=\"Verfasst von\" \/>\n\t<meta name=\"twitter:data1\" content=\"Rehberg + Milesevic Architekten\" \/>\n<script type=\"application\/ld+json\" class=\"yoast-schema-graph\">{\"@context\":\"https:\\\/\\\/schema.org\",\"@graph\":[{\"@type\":\"Article\",\"@id\":\"https:\\\/\\\/blog.architekteninduesseldorf.de\\\/?p=171#article\",\"isPartOf\":{\"@id\":\"https:\\\/\\\/blog.architekteninduesseldorf.de\\\/?p=171\"},\"author\":{\"name\":\"Rehberg + Milesevic Architekten\",\"@id\":\"https:\\\/\\\/blog.architekteninduesseldorf.de\\\/#\\\/schema\\\/person\\\/d8ead14ad7429b3a0d1350f8029be56a\"},\"headline\":\"Weitzer &#8211; Parkett aus \u00d6sterreich\",\"datePublished\":\"2017-10-21T21:20:21+00:00\",\"dateModified\":\"2017-10-21T21:28:25+00:00\",\"mainEntityOfPage\":{\"@id\":\"https:\\\/\\\/blog.architekteninduesseldorf.de\\\/?p=171\"},\"wordCount\":97,\"publisher\":{\"@id\":\"https:\\\/\\\/blog.architekteninduesseldorf.de\\\/#organization\"},\"image\":{\"@id\":\"https:\\\/\\\/blog.architekteninduesseldorf.de\\\/?p=171#primaryimage\"},\"thumbnailUrl\":\"http:\\\/\\\/blog.architekteninduesseldorf.de\\\/wp-content\\\/uploads\\\/2017\\\/10\\\/20171019_124002-300x169.jpg\",\"articleSection\":[\"Uncategorized\"],\"inLanguage\":\"de\"},{\"@type\":\"WebPage\",\"@id\":\"https:\\\/\\\/blog.architekteninduesseldorf.de\\\/?p=171\",\"url\":\"https:\\\/\\\/blog.architekteninduesseldorf.de\\\/?p=171\",\"name\":\"Weitzer - Parkett aus \u00d6sterreich - NEWSBLOG\",\"isPartOf\":{\"@id\":\"https:\\\/\\\/blog.architekteninduesseldorf.de\\\/#website\"},\"primaryImageOfPage\":{\"@id\":\"https:\\\/\\\/blog.architekteninduesseldorf.de\\\/?p=171#primaryimage\"},\"image\":{\"@id\":\"https:\\\/\\\/blog.architekteninduesseldorf.de\\\/?p=171#primaryimage\"},\"thumbnailUrl\":\"http:\\\/\\\/blog.architekteninduesseldorf.de\\\/wp-content\\\/uploads\\\/2017\\\/10\\\/20171019_124002-300x169.jpg\",\"datePublished\":\"2017-10-21T21:20:21+00:00\",\"dateModified\":\"2017-10-21T21:28:25+00:00\",\"breadcrumb\":{\"@id\":\"https:\\\/\\\/blog.architekteninduesseldorf.de\\\/?p=171#breadcrumb\"},\"inLanguage\":\"de\",\"potentialAction\":[{\"@type\":\"ReadAction\",\"target\":[\"https:\\\/\\\/blog.architekteninduesseldorf.de\\\/?p=171\"]}]},{\"@type\":\"ImageObject\",\"inLanguage\":\"de\",\"@id\":\"https:\\\/\\\/blog.architekteninduesseldorf.de\\\/?p=171#primaryimage\",\"url\":\"https:\\\/\\\/blog.architekteninduesseldorf.de\\\/wp-content\\\/uploads\\\/2017\\\/10\\\/20171019_124002.jpg\",\"contentUrl\":\"https:\\\/\\\/blog.architekteninduesseldorf.de\\\/wp-content\\\/uploads\\\/2017\\\/10\\\/20171019_124002.jpg\",\"width\":5312,\"height\":2988},{\"@type\":\"BreadcrumbList\",\"@id\":\"https:\\\/\\\/blog.architekteninduesseldorf.de\\\/?p=171#breadcrumb\",\"itemListElement\":[{\"@type\":\"ListItem\",\"position\":1,\"name\":\"Startseite\",\"item\":\"https:\\\/\\\/blog.architekteninduesseldorf.de\\\/\"},{\"@type\":\"ListItem\",\"position\":2,\"name\":\"Weitzer &#8211; Parkett aus \u00d6sterreich\"}]},{\"@type\":\"WebSite\",\"@id\":\"https:\\\/\\\/blog.architekteninduesseldorf.de\\\/#website\",\"url\":\"https:\\\/\\\/blog.architekteninduesseldorf.de\\\/\",\"name\":\"NEWSBLOG\",\"description\":\"Architekturb\u00fcro Rehberg + Milesevic\",\"publisher\":{\"@id\":\"https:\\\/\\\/blog.architekteninduesseldorf.de\\\/#organization\"},\"potentialAction\":[{\"@type\":\"SearchAction\",\"target\":{\"@type\":\"EntryPoint\",\"urlTemplate\":\"https:\\\/\\\/blog.architekteninduesseldorf.de\\\/?s={search_term_string}\"},\"query-input\":{\"@type\":\"PropertyValueSpecification\",\"valueRequired\":true,\"valueName\":\"search_term_string\"}}],\"inLanguage\":\"de\"},{\"@type\":\"Organization\",\"@id\":\"https:\\\/\\\/blog.architekteninduesseldorf.de\\\/#organization\",\"name\":\"Rehberg + Milesevic Architekten\",\"url\":\"https:\\\/\\\/blog.architekteninduesseldorf.de\\\/\",\"logo\":{\"@type\":\"ImageObject\",\"inLanguage\":\"de\",\"@id\":\"https:\\\/\\\/blog.architekteninduesseldorf.de\\\/#\\\/schema\\\/logo\\\/image\\\/\",\"url\":\"http:\\\/\\\/blog.architekteninduesseldorf.de\\\/wp-content\\\/uploads\\\/2019\\\/01\\\/180907-Bild3.jpg\",\"contentUrl\":\"http:\\\/\\\/blog.architekteninduesseldorf.de\\\/wp-content\\\/uploads\\\/2019\\\/01\\\/180907-Bild3.jpg\",\"width\":1024,\"height\":768,\"caption\":\"Rehberg + Milesevic Architekten\"},\"image\":{\"@id\":\"https:\\\/\\\/blog.architekteninduesseldorf.de\\\/#\\\/schema\\\/logo\\\/image\\\/\"}},{\"@type\":\"Person\",\"@id\":\"https:\\\/\\\/blog.architekteninduesseldorf.de\\\/#\\\/schema\\\/person\\\/d8ead14ad7429b3a0d1350f8029be56a\",\"name\":\"Rehberg + Milesevic Architekten\"}]}<\/script>\n<!-- \/ Yoast SEO plugin. -->","yoast_head_json":{"title":"Weitzer - Parkett aus \u00d6sterreich - NEWSBLOG","robots":{"index":"index","follow":"follow","max-snippet":"max-snippet:-1","max-image-preview":"max-image-preview:large","max-video-preview":"max-video-preview:-1"},"canonical":"https:\/\/blog.architekteninduesseldorf.de\/?p=171","og_locale":"de_DE","og_type":"article","og_title":"Weitzer - Parkett aus \u00d6sterreich - NEWSBLOG","og_description":"In einem zweit\u00e4gigem intensiven Seminar haben wir uns am Firmensitz in Weiz in der Steiermark ein Bild von der Produktion, der Produktentwicklung und Qualit\u00e4tssicherung machen k\u00f6nnen. Mit der Gesch\u00e4ftsleitung konnten wir \u00fcber neue Produktentwicklungen, das Marketing und den Vertrieb diskutieren. Dabei konnten wir uns insbesondere von der beeindruckenden \u00f6kologischen Qualit\u00e4t \u00fcberzeugen: Der gr\u00f6\u00dfere Teil der [&hellip;]","og_url":"https:\/\/blog.architekteninduesseldorf.de\/?p=171","og_site_name":"NEWSBLOG","article_published_time":"2017-10-21T21:20:21+00:00","article_modified_time":"2017-10-21T21:28:25+00:00","og_image":[{"url":"http:\/\/blog.architekteninduesseldorf.de\/wp-content\/uploads\/2017\/10\/20171019_124002-300x169.jpg","type":"","width":"","height":""}],"author":"Rehberg + Milesevic Architekten","twitter_card":"summary_large_image","twitter_misc":{"Verfasst von":"Rehberg + Milesevic Architekten"},"schema":{"@context":"https:\/\/schema.org","@graph":[{"@type":"Article","@id":"https:\/\/blog.architekteninduesseldorf.de\/?p=171#article","isPartOf":{"@id":"https:\/\/blog.architekteninduesseldorf.de\/?p=171"},"author":{"name":"Rehberg + Milesevic Architekten","@id":"https:\/\/blog.architekteninduesseldorf.de\/#\/schema\/person\/d8ead14ad7429b3a0d1350f8029be56a"},"headline":"Weitzer &#8211; Parkett aus \u00d6sterreich","datePublished":"2017-10-21T21:20:21+00:00","dateModified":"2017-10-21T21:28:25+00:00","mainEntityOfPage":{"@id":"https:\/\/blog.architekteninduesseldorf.de\/?p=171"},"wordCount":97,"publisher":{"@id":"https:\/\/blog.architekteninduesseldorf.de\/#organization"},"image":{"@id":"https:\/\/blog.architekteninduesseldorf.de\/?p=171#primaryimage"},"thumbnailUrl":"http:\/\/blog.architekteninduesseldorf.de\/wp-content\/uploads\/2017\/10\/20171019_124002-300x169.jpg","articleSection":["Uncategorized"],"inLanguage":"de"},{"@type":"WebPage","@id":"https:\/\/blog.architekteninduesseldorf.de\/?p=171","url":"https:\/\/blog.architekteninduesseldorf.de\/?p=171","name":"Weitzer - Parkett aus \u00d6sterreich - NEWSBLOG","isPartOf":{"@id":"https:\/\/blog.architekteninduesseldorf.de\/#website"},"primaryImageOfPage":{"@id":"https:\/\/blog.architekteninduesseldorf.de\/?p=171#primaryimage"},"image":{"@id":"https:\/\/blog.architekteninduesseldorf.de\/?p=171#primaryimage"},"thumbnailUrl":"http:\/\/blog.architekteninduesseldorf.de\/wp-content\/uploads\/2017\/10\/20171019_124002-300x169.jpg","datePublished":"2017-10-21T21:20:21+00:00","dateModified":"2017-10-21T21:28:25+00:00","breadcrumb":{"@id":"https:\/\/blog.architekteninduesseldorf.de\/?p=171#breadcrumb"},"inLanguage":"de","potentialAction":[{"@type":"ReadAction","target":["https:\/\/blog.architekteninduesseldorf.de\/?p=171"]}]},{"@type":"ImageObject","inLanguage":"de","@id":"https:\/\/blog.architekteninduesseldorf.de\/?p=171#primaryimage","url":"https:\/\/blog.architekteninduesseldorf.de\/wp-content\/uploads\/2017\/10\/20171019_124002.jpg","contentUrl":"https:\/\/blog.architekteninduesseldorf.de\/wp-content\/uploads\/2017\/10\/20171019_124002.jpg","width":5312,"height":2988},{"@type":"BreadcrumbList","@id":"https:\/\/blog.architekteninduesseldorf.de\/?p=171#breadcrumb","itemListElement":[{"@type":"ListItem","position":1,"name":"Startseite","item":"https:\/\/blog.architekteninduesseldorf.de\/"},{"@type":"ListItem","position":2,"name":"Weitzer &#8211; Parkett aus \u00d6sterreich"}]},{"@type":"WebSite","@id":"https:\/\/blog.architekteninduesseldorf.de\/#website","url":"https:\/\/blog.architekteninduesseldorf.de\/","name":"NEWSBLOG","description":"Architekturb\u00fcro Rehberg + Milesevic","publisher":{"@id":"https:\/\/blog.architekteninduesseldorf.de\/#organization"},"potentialAction":[{"@type":"SearchAction","target":{"@type":"EntryPoint","urlTemplate":"https:\/\/blog.architekteninduesseldorf.de\/?s={search_term_string}"},"query-input":{"@type":"PropertyValueSpecification","valueRequired":true,"valueName":"search_term_string"}}],"inLanguage":"de"},{"@type":"Organization","@id":"https:\/\/blog.architekteninduesseldorf.de\/#organization","name":"Rehberg + Milesevic Architekten","url":"https:\/\/blog.architekteninduesseldorf.de\/","logo":{"@type":"ImageObject","inLanguage":"de","@id":"https:\/\/blog.architekteninduesseldorf.de\/#\/schema\/logo\/image\/","url":"http:\/\/blog.architekteninduesseldorf.de\/wp-content\/uploads\/2019\/01\/180907-Bild3.jpg","contentUrl":"http:\/\/blog.architekteninduesseldorf.de\/wp-content\/uploads\/2019\/01\/180907-Bild3.jpg","width":1024,"height":768,"caption":"Rehberg + Milesevic Architekten"},"image":{"@id":"https:\/\/blog.architekteninduesseldorf.de\/#\/schema\/logo\/image\/"}},{"@type":"Person","@id":"https:\/\/blog.architekteninduesseldorf.de\/#\/schema\/person\/d8ead14ad7429b3a0d1350f8029be56a","name":"Rehberg + Milesevic Architekten"}]}},"_links":{"self":[{"href":"https:\/\/blog.architekteninduesseldorf.de\/index.php?rest_route=\/wp\/v2\/posts\/171","targetHints":{"allow":["GET"]}}],"collection":[{"href":"https:\/\/blog.architekteninduesseldorf.de\/index.php?rest_route=\/wp\/v2\/posts"}],"about":[{"href":"https:\/\/blog.architekteninduesseldorf.de\/index.php?rest_route=\/wp\/v2\/types\/post"}],"author":[{"embeddable":true,"href":"https:\/\/blog.architekteninduesseldorf.de\/index.php?rest_route=\/wp\/v2\/users\/1"}],"replies":[{"embeddable":true,"href":"https:\/\/blog.architekteninduesseldorf.de\/index.php?rest_route=%2Fwp%2Fv2%2Fcomments&post=171"}],"version-history":[{"count":4,"href":"https:\/\/blog.architekteninduesseldorf.de\/index.php?rest_route=\/wp\/v2\/posts\/171\/revisions"}],"predecessor-version":[{"id":176,"href":"https:\/\/blog.architekteninduesseldorf.de\/index.php?rest_route=\/wp\/v2\/posts\/171\/revisions\/176"}],"wp:attachment":[{"href":"https:\/\/blog.architekteninduesseldorf.de\/index.php?rest_route=%2Fwp%2Fv2%2Fmedia&parent=171"}],"wp:term":[{"taxonomy":"category","embeddable":true,"href":"https:\/\/blog.architekteninduesseldorf.de\/index.php?rest_route=%2Fwp%2Fv2%2Fcategories&post=171"},{"taxonomy":"post_tag","embeddable":true,"href":"https:\/\/blog.architekteninduesseldorf.de\/index.php?rest_route=%2Fwp%2Fv2%2Ftags&post=171"}],"curies":[{"name":"wp","href":"https:\/\/api.w.org\/{rel}","templated":true}]}}