{"id":1030,"date":"2025-09-24T05:32:00","date_gmt":"2025-09-24T03:32:00","guid":{"rendered":"http:\/\/blog.architekteninduesseldorf.de\/?p=1030"},"modified":"2025-09-20T13:39:00","modified_gmt":"2025-09-20T11:39:00","slug":"dachausbau","status":"publish","type":"post","link":"https:\/\/blog.architekteninduesseldorf.de\/?p=1030","title":{"rendered":"Dachausbau"},"content":{"rendered":"\n<figure class=\"wp-block-image size-large\"><a href=\"https:\/\/blog.architekteninduesseldorf.de\/wp-content\/uploads\/2025\/09\/Kueche.png\"><img loading=\"lazy\" decoding=\"async\" width=\"1024\" height=\"576\" src=\"https:\/\/blog.architekteninduesseldorf.de\/wp-content\/uploads\/2025\/09\/Kueche-1024x576.png\" alt=\"\" class=\"wp-image-1031\" srcset=\"https:\/\/blog.architekteninduesseldorf.de\/wp-content\/uploads\/2025\/09\/Kueche-1024x576.png 1024w, https:\/\/blog.architekteninduesseldorf.de\/wp-content\/uploads\/2025\/09\/Kueche-300x169.png 300w, https:\/\/blog.architekteninduesseldorf.de\/wp-content\/uploads\/2025\/09\/Kueche-768x432.png 768w, https:\/\/blog.architekteninduesseldorf.de\/wp-content\/uploads\/2025\/09\/Kueche-1536x864.png 1536w, https:\/\/blog.architekteninduesseldorf.de\/wp-content\/uploads\/2025\/09\/Kueche.png 1920w\" sizes=\"auto, (max-width: 1024px) 100vw, 1024px\" \/><\/a><\/figure>\n\n\n\n<p class=\"wp-block-paragraph\">Dieses Wohn- und Gesch\u00e4ftshaus in der D\u00fcsseldorfer Altstadt wird im 3. bis 5. OG neu ausgebaut. Es entstehen mehrere neue Wohnungen, z.B. als Maisonettewohnung in den fr\u00fcheren Technikgeschossen. Fragen des vorbeugenden Brandschutzes werden derzeit mit einem Brandschutz-Sachverst\u00e4ndigen er\u00f6rtert.<\/p>\n\n\n\n<figure class=\"wp-block-image size-large\"><a href=\"https:\/\/blog.architekteninduesseldorf.de\/wp-content\/uploads\/2025\/09\/Spitzboden.png\"><img loading=\"lazy\" decoding=\"async\" width=\"1024\" height=\"576\" src=\"https:\/\/blog.architekteninduesseldorf.de\/wp-content\/uploads\/2025\/09\/Spitzboden-1024x576.png\" alt=\"\" class=\"wp-image-1032\" srcset=\"https:\/\/blog.architekteninduesseldorf.de\/wp-content\/uploads\/2025\/09\/Spitzboden-1024x576.png 1024w, https:\/\/blog.architekteninduesseldorf.de\/wp-content\/uploads\/2025\/09\/Spitzboden-300x169.png 300w, https:\/\/blog.architekteninduesseldorf.de\/wp-content\/uploads\/2025\/09\/Spitzboden-768x432.png 768w, https:\/\/blog.architekteninduesseldorf.de\/wp-content\/uploads\/2025\/09\/Spitzboden-1536x864.png 1536w, https:\/\/blog.architekteninduesseldorf.de\/wp-content\/uploads\/2025\/09\/Spitzboden.png 1920w\" sizes=\"auto, (max-width: 1024px) 100vw, 1024px\" \/><\/a><\/figure>\n\n\n\n<figure class=\"wp-block-image size-large\"><a href=\"https:\/\/blog.architekteninduesseldorf.de\/wp-content\/uploads\/2025\/09\/Eingangssituation.png\"><img loading=\"lazy\" decoding=\"async\" width=\"1024\" height=\"576\" src=\"https:\/\/blog.architekteninduesseldorf.de\/wp-content\/uploads\/2025\/09\/Eingangssituation-1024x576.png\" alt=\"\" class=\"wp-image-1033\" srcset=\"https:\/\/blog.architekteninduesseldorf.de\/wp-content\/uploads\/2025\/09\/Eingangssituation-1024x576.png 1024w, https:\/\/blog.architekteninduesseldorf.de\/wp-content\/uploads\/2025\/09\/Eingangssituation-300x169.png 300w, https:\/\/blog.architekteninduesseldorf.de\/wp-content\/uploads\/2025\/09\/Eingangssituation-768x432.png 768w, https:\/\/blog.architekteninduesseldorf.de\/wp-content\/uploads\/2025\/09\/Eingangssituation-1536x864.png 1536w, https:\/\/blog.architekteninduesseldorf.de\/wp-content\/uploads\/2025\/09\/Eingangssituation.png 1920w\" sizes=\"auto, (max-width: 1024px) 100vw, 1024px\" \/><\/a><\/figure>\n","protected":false},"excerpt":{"rendered":"<p>Dieses Wohn- und Gesch\u00e4ftshaus in der D\u00fcsseldorfer Altstadt wird im 3. bis 5. OG neu ausgebaut. Es entstehen mehrere neue Wohnungen, z.B. als Maisonettewohnung in den fr\u00fcheren Technikgeschossen. Fragen des vorbeugenden Brandschutzes werden derzeit mit einem Brandschutz-Sachverst\u00e4ndigen er\u00f6rtert.<\/p>\n","protected":false},"author":1,"featured_media":0,"comment_status":"closed","ping_status":"open","sticky":false,"template":"","format":"standard","meta":{"footnotes":""},"categories":[1],"tags":[144,93,126,33,11,24,8,7],"class_list":["post-1030","post","type-post","status-publish","format-standard","hentry","category-uncategorized","tag-altstadt","tag-dachausbau","tag-dachsanierung","tag-dachstuhl","tag-duesseldorf","tag-energetische-sanierung","tag-neubau","tag-sanierung"],"yoast_head":"<!-- This site is optimized with the Yoast SEO plugin v28.4 - https:\/\/yoast.com\/product\/yoast-seo-wordpress\/ -->\n<title>Dachausbau - NEWSBLOG<\/title>\n<meta name=\"robots\" content=\"index, follow, max-snippet:-1, max-image-preview:large, max-video-preview:-1\" \/>\n<link rel=\"canonical\" href=\"https:\/\/blog.architekteninduesseldorf.de\/?p=1030\" \/>\n<meta property=\"og:locale\" content=\"de_DE\" \/>\n<meta property=\"og:type\" content=\"article\" \/>\n<meta property=\"og:title\" content=\"Dachausbau - NEWSBLOG\" \/>\n<meta property=\"og:description\" content=\"Dieses Wohn- und Gesch\u00e4ftshaus in der D\u00fcsseldorfer Altstadt wird im 3. bis 5. OG neu ausgebaut. Es entstehen mehrere neue Wohnungen, z.B. als Maisonettewohnung in den fr\u00fcheren Technikgeschossen. Fragen des vorbeugenden Brandschutzes werden derzeit mit einem Brandschutz-Sachverst\u00e4ndigen er\u00f6rtert.\" \/>\n<meta property=\"og:url\" content=\"https:\/\/blog.architekteninduesseldorf.de\/?p=1030\" \/>\n<meta property=\"og:site_name\" content=\"NEWSBLOG\" \/>\n<meta property=\"article:published_time\" content=\"2025-09-24T03:32:00+00:00\" \/>\n<meta property=\"og:image\" content=\"http:\/\/blog.architekteninduesseldorf.de\/wp-content\/uploads\/2025\/09\/Kueche-1024x576.png\" \/>\n<meta name=\"author\" content=\"Rehberg + Milesevic Architekten\" \/>\n<meta name=\"twitter:card\" content=\"summary_large_image\" \/>\n<meta name=\"twitter:label1\" content=\"Verfasst von\" \/>\n\t<meta name=\"twitter:data1\" content=\"Rehberg + Milesevic Architekten\" \/>\n\t<meta name=\"twitter:label2\" content=\"Gesch\u00e4tzte Lesezeit\" \/>\n\t<meta name=\"twitter:data2\" content=\"1\u00a0Minute\" \/>\n<script type=\"application\/ld+json\" class=\"yoast-schema-graph\">{\"@context\":\"https:\\\/\\\/schema.org\",\"@graph\":[{\"@type\":\"Article\",\"@id\":\"https:\\\/\\\/blog.architekteninduesseldorf.de\\\/?p=1030#article\",\"isPartOf\":{\"@id\":\"https:\\\/\\\/blog.architekteninduesseldorf.de\\\/?p=1030\"},\"author\":{\"name\":\"Rehberg + Milesevic Architekten\",\"@id\":\"https:\\\/\\\/blog.architekteninduesseldorf.de\\\/#\\\/schema\\\/person\\\/d8ead14ad7429b3a0d1350f8029be56a\"},\"headline\":\"Dachausbau\",\"datePublished\":\"2025-09-24T03:32:00+00:00\",\"mainEntityOfPage\":{\"@id\":\"https:\\\/\\\/blog.architekteninduesseldorf.de\\\/?p=1030\"},\"wordCount\":43,\"publisher\":{\"@id\":\"https:\\\/\\\/blog.architekteninduesseldorf.de\\\/#organization\"},\"image\":{\"@id\":\"https:\\\/\\\/blog.architekteninduesseldorf.de\\\/?p=1030#primaryimage\"},\"thumbnailUrl\":\"http:\\\/\\\/blog.architekteninduesseldorf.de\\\/wp-content\\\/uploads\\\/2025\\\/09\\\/Kueche-1024x576.png\",\"keywords\":[\"Altstadt\",\"Dachausbau\",\"Dachsanierung\",\"Dachstuhl\",\"D\u00fcsseldorf\",\"Energetische Sanierung\",\"Neubau\",\"Sanierung\"],\"articleSection\":[\"Uncategorized\"],\"inLanguage\":\"de\"},{\"@type\":\"WebPage\",\"@id\":\"https:\\\/\\\/blog.architekteninduesseldorf.de\\\/?p=1030\",\"url\":\"https:\\\/\\\/blog.architekteninduesseldorf.de\\\/?p=1030\",\"name\":\"Dachausbau - NEWSBLOG\",\"isPartOf\":{\"@id\":\"https:\\\/\\\/blog.architekteninduesseldorf.de\\\/#website\"},\"primaryImageOfPage\":{\"@id\":\"https:\\\/\\\/blog.architekteninduesseldorf.de\\\/?p=1030#primaryimage\"},\"image\":{\"@id\":\"https:\\\/\\\/blog.architekteninduesseldorf.de\\\/?p=1030#primaryimage\"},\"thumbnailUrl\":\"http:\\\/\\\/blog.architekteninduesseldorf.de\\\/wp-content\\\/uploads\\\/2025\\\/09\\\/Kueche-1024x576.png\",\"datePublished\":\"2025-09-24T03:32:00+00:00\",\"breadcrumb\":{\"@id\":\"https:\\\/\\\/blog.architekteninduesseldorf.de\\\/?p=1030#breadcrumb\"},\"inLanguage\":\"de\",\"potentialAction\":[{\"@type\":\"ReadAction\",\"target\":[\"https:\\\/\\\/blog.architekteninduesseldorf.de\\\/?p=1030\"]}]},{\"@type\":\"ImageObject\",\"inLanguage\":\"de\",\"@id\":\"https:\\\/\\\/blog.architekteninduesseldorf.de\\\/?p=1030#primaryimage\",\"url\":\"https:\\\/\\\/blog.architekteninduesseldorf.de\\\/wp-content\\\/uploads\\\/2025\\\/09\\\/Kueche.png\",\"contentUrl\":\"https:\\\/\\\/blog.architekteninduesseldorf.de\\\/wp-content\\\/uploads\\\/2025\\\/09\\\/Kueche.png\",\"width\":1920,\"height\":1080},{\"@type\":\"BreadcrumbList\",\"@id\":\"https:\\\/\\\/blog.architekteninduesseldorf.de\\\/?p=1030#breadcrumb\",\"itemListElement\":[{\"@type\":\"ListItem\",\"position\":1,\"name\":\"Startseite\",\"item\":\"https:\\\/\\\/blog.architekteninduesseldorf.de\\\/\"},{\"@type\":\"ListItem\",\"position\":2,\"name\":\"Dachausbau\"}]},{\"@type\":\"WebSite\",\"@id\":\"https:\\\/\\\/blog.architekteninduesseldorf.de\\\/#website\",\"url\":\"https:\\\/\\\/blog.architekteninduesseldorf.de\\\/\",\"name\":\"NEWSBLOG\",\"description\":\"Architekturb\u00fcro Rehberg + Milesevic\",\"publisher\":{\"@id\":\"https:\\\/\\\/blog.architekteninduesseldorf.de\\\/#organization\"},\"potentialAction\":[{\"@type\":\"SearchAction\",\"target\":{\"@type\":\"EntryPoint\",\"urlTemplate\":\"https:\\\/\\\/blog.architekteninduesseldorf.de\\\/?s={search_term_string}\"},\"query-input\":{\"@type\":\"PropertyValueSpecification\",\"valueRequired\":true,\"valueName\":\"search_term_string\"}}],\"inLanguage\":\"de\"},{\"@type\":\"Organization\",\"@id\":\"https:\\\/\\\/blog.architekteninduesseldorf.de\\\/#organization\",\"name\":\"Rehberg + Milesevic Architekten\",\"url\":\"https:\\\/\\\/blog.architekteninduesseldorf.de\\\/\",\"logo\":{\"@type\":\"ImageObject\",\"inLanguage\":\"de\",\"@id\":\"https:\\\/\\\/blog.architekteninduesseldorf.de\\\/#\\\/schema\\\/logo\\\/image\\\/\",\"url\":\"http:\\\/\\\/blog.architekteninduesseldorf.de\\\/wp-content\\\/uploads\\\/2019\\\/01\\\/180907-Bild3.jpg\",\"contentUrl\":\"http:\\\/\\\/blog.architekteninduesseldorf.de\\\/wp-content\\\/uploads\\\/2019\\\/01\\\/180907-Bild3.jpg\",\"width\":1024,\"height\":768,\"caption\":\"Rehberg + Milesevic Architekten\"},\"image\":{\"@id\":\"https:\\\/\\\/blog.architekteninduesseldorf.de\\\/#\\\/schema\\\/logo\\\/image\\\/\"}},{\"@type\":\"Person\",\"@id\":\"https:\\\/\\\/blog.architekteninduesseldorf.de\\\/#\\\/schema\\\/person\\\/d8ead14ad7429b3a0d1350f8029be56a\",\"name\":\"Rehberg + Milesevic Architekten\"}]}<\/script>\n<!-- \/ Yoast SEO plugin. -->","yoast_head_json":{"title":"Dachausbau - NEWSBLOG","robots":{"index":"index","follow":"follow","max-snippet":"max-snippet:-1","max-image-preview":"max-image-preview:large","max-video-preview":"max-video-preview:-1"},"canonical":"https:\/\/blog.architekteninduesseldorf.de\/?p=1030","og_locale":"de_DE","og_type":"article","og_title":"Dachausbau - NEWSBLOG","og_description":"Dieses Wohn- und Gesch\u00e4ftshaus in der D\u00fcsseldorfer Altstadt wird im 3. bis 5. OG neu ausgebaut. Es entstehen mehrere neue Wohnungen, z.B. als Maisonettewohnung in den fr\u00fcheren Technikgeschossen. Fragen des vorbeugenden Brandschutzes werden derzeit mit einem Brandschutz-Sachverst\u00e4ndigen er\u00f6rtert.","og_url":"https:\/\/blog.architekteninduesseldorf.de\/?p=1030","og_site_name":"NEWSBLOG","article_published_time":"2025-09-24T03:32:00+00:00","og_image":[{"url":"http:\/\/blog.architekteninduesseldorf.de\/wp-content\/uploads\/2025\/09\/Kueche-1024x576.png","type":"","width":"","height":""}],"author":"Rehberg + Milesevic Architekten","twitter_card":"summary_large_image","twitter_misc":{"Verfasst von":"Rehberg + Milesevic Architekten","Gesch\u00e4tzte Lesezeit":"1\u00a0Minute"},"schema":{"@context":"https:\/\/schema.org","@graph":[{"@type":"Article","@id":"https:\/\/blog.architekteninduesseldorf.de\/?p=1030#article","isPartOf":{"@id":"https:\/\/blog.architekteninduesseldorf.de\/?p=1030"},"author":{"name":"Rehberg + Milesevic Architekten","@id":"https:\/\/blog.architekteninduesseldorf.de\/#\/schema\/person\/d8ead14ad7429b3a0d1350f8029be56a"},"headline":"Dachausbau","datePublished":"2025-09-24T03:32:00+00:00","mainEntityOfPage":{"@id":"https:\/\/blog.architekteninduesseldorf.de\/?p=1030"},"wordCount":43,"publisher":{"@id":"https:\/\/blog.architekteninduesseldorf.de\/#organization"},"image":{"@id":"https:\/\/blog.architekteninduesseldorf.de\/?p=1030#primaryimage"},"thumbnailUrl":"http:\/\/blog.architekteninduesseldorf.de\/wp-content\/uploads\/2025\/09\/Kueche-1024x576.png","keywords":["Altstadt","Dachausbau","Dachsanierung","Dachstuhl","D\u00fcsseldorf","Energetische Sanierung","Neubau","Sanierung"],"articleSection":["Uncategorized"],"inLanguage":"de"},{"@type":"WebPage","@id":"https:\/\/blog.architekteninduesseldorf.de\/?p=1030","url":"https:\/\/blog.architekteninduesseldorf.de\/?p=1030","name":"Dachausbau - NEWSBLOG","isPartOf":{"@id":"https:\/\/blog.architekteninduesseldorf.de\/#website"},"primaryImageOfPage":{"@id":"https:\/\/blog.architekteninduesseldorf.de\/?p=1030#primaryimage"},"image":{"@id":"https:\/\/blog.architekteninduesseldorf.de\/?p=1030#primaryimage"},"thumbnailUrl":"http:\/\/blog.architekteninduesseldorf.de\/wp-content\/uploads\/2025\/09\/Kueche-1024x576.png","datePublished":"2025-09-24T03:32:00+00:00","breadcrumb":{"@id":"https:\/\/blog.architekteninduesseldorf.de\/?p=1030#breadcrumb"},"inLanguage":"de","potentialAction":[{"@type":"ReadAction","target":["https:\/\/blog.architekteninduesseldorf.de\/?p=1030"]}]},{"@type":"ImageObject","inLanguage":"de","@id":"https:\/\/blog.architekteninduesseldorf.de\/?p=1030#primaryimage","url":"https:\/\/blog.architekteninduesseldorf.de\/wp-content\/uploads\/2025\/09\/Kueche.png","contentUrl":"https:\/\/blog.architekteninduesseldorf.de\/wp-content\/uploads\/2025\/09\/Kueche.png","width":1920,"height":1080},{"@type":"BreadcrumbList","@id":"https:\/\/blog.architekteninduesseldorf.de\/?p=1030#breadcrumb","itemListElement":[{"@type":"ListItem","position":1,"name":"Startseite","item":"https:\/\/blog.architekteninduesseldorf.de\/"},{"@type":"ListItem","position":2,"name":"Dachausbau"}]},{"@type":"WebSite","@id":"https:\/\/blog.architekteninduesseldorf.de\/#website","url":"https:\/\/blog.architekteninduesseldorf.de\/","name":"NEWSBLOG","description":"Architekturb\u00fcro Rehberg + Milesevic","publisher":{"@id":"https:\/\/blog.architekteninduesseldorf.de\/#organization"},"potentialAction":[{"@type":"SearchAction","target":{"@type":"EntryPoint","urlTemplate":"https:\/\/blog.architekteninduesseldorf.de\/?s={search_term_string}"},"query-input":{"@type":"PropertyValueSpecification","valueRequired":true,"valueName":"search_term_string"}}],"inLanguage":"de"},{"@type":"Organization","@id":"https:\/\/blog.architekteninduesseldorf.de\/#organization","name":"Rehberg + Milesevic Architekten","url":"https:\/\/blog.architekteninduesseldorf.de\/","logo":{"@type":"ImageObject","inLanguage":"de","@id":"https:\/\/blog.architekteninduesseldorf.de\/#\/schema\/logo\/image\/","url":"http:\/\/blog.architekteninduesseldorf.de\/wp-content\/uploads\/2019\/01\/180907-Bild3.jpg","contentUrl":"http:\/\/blog.architekteninduesseldorf.de\/wp-content\/uploads\/2019\/01\/180907-Bild3.jpg","width":1024,"height":768,"caption":"Rehberg + Milesevic Architekten"},"image":{"@id":"https:\/\/blog.architekteninduesseldorf.de\/#\/schema\/logo\/image\/"}},{"@type":"Person","@id":"https:\/\/blog.architekteninduesseldorf.de\/#\/schema\/person\/d8ead14ad7429b3a0d1350f8029be56a","name":"Rehberg + Milesevic Architekten"}]}},"_links":{"self":[{"href":"https:\/\/blog.architekteninduesseldorf.de\/index.php?rest_route=\/wp\/v2\/posts\/1030","targetHints":{"allow":["GET"]}}],"collection":[{"href":"https:\/\/blog.architekteninduesseldorf.de\/index.php?rest_route=\/wp\/v2\/posts"}],"about":[{"href":"https:\/\/blog.architekteninduesseldorf.de\/index.php?rest_route=\/wp\/v2\/types\/post"}],"author":[{"embeddable":true,"href":"https:\/\/blog.architekteninduesseldorf.de\/index.php?rest_route=\/wp\/v2\/users\/1"}],"replies":[{"embeddable":true,"href":"https:\/\/blog.architekteninduesseldorf.de\/index.php?rest_route=%2Fwp%2Fv2%2Fcomments&post=1030"}],"version-history":[{"count":1,"href":"https:\/\/blog.architekteninduesseldorf.de\/index.php?rest_route=\/wp\/v2\/posts\/1030\/revisions"}],"predecessor-version":[{"id":1034,"href":"https:\/\/blog.architekteninduesseldorf.de\/index.php?rest_route=\/wp\/v2\/posts\/1030\/revisions\/1034"}],"wp:attachment":[{"href":"https:\/\/blog.architekteninduesseldorf.de\/index.php?rest_route=%2Fwp%2Fv2%2Fmedia&parent=1030"}],"wp:term":[{"taxonomy":"category","embeddable":true,"href":"https:\/\/blog.architekteninduesseldorf.de\/index.php?rest_route=%2Fwp%2Fv2%2Fcategories&post=1030"},{"taxonomy":"post_tag","embeddable":true,"href":"https:\/\/blog.architekteninduesseldorf.de\/index.php?rest_route=%2Fwp%2Fv2%2Ftags&post=1030"}],"curies":[{"name":"wp","href":"https:\/\/api.w.org\/{rel}","templated":true}]}}